{"id":6321,"date":"2024-02-01T08:17:38","date_gmt":"2024-02-01T07:17:38","guid":{"rendered":"https:\/\/vdamk.hu\/?p=6321"},"modified":"2024-02-01T08:18:09","modified_gmt":"2024-02-01T07:18:09","slug":"felhivas-2","status":"publish","type":"post","link":"https:\/\/vdamk.hu\/?p=6321","title":{"rendered":"Felh\u00edv\u00e1s"},"content":{"rendered":"\n<p class=\"has-text-align-center\">A&nbsp;<strong>PRO&nbsp;TALENTUM&nbsp;K\u00d6ZALAP\u00cdTV\u00c1NY<\/strong>&nbsp;szeretettel v\u00e1rja a civil szervezeteknek adhat\u00f3 1%-os t\u00e1mogat\u00e1st!<\/p>\n\n\n\n<p class=\"has-text-align-center\">Az alap\u00edtv\u00e1ny \u00e9vek \u00f3ta t\u00e1mogatja a tehets\u00e9ges kunszentmikl\u00f3si tanul\u00f3kat.<\/p>\n\n\n\n<p class=\"has-text-align-center\">Aki m\u00e9g nem rendelkezett az ad\u00f3ja civil szervezeteknek adhat\u00f3 1% sz\u00e1zal\u00e9k\u00e1r\u00f3l, az felaj\u00e1nlhatja a&nbsp;Pro&nbsp;Talentum&nbsp;K\u00f6zalap\u00edtv\u00e1nynak.<\/p>\n\n\n\n<p class=\"has-text-align-center\"><strong>Ad\u00f3sz\u00e1m: 18349252-1-03<\/strong><\/p>\n\n\n\n<p class=\"has-text-align-center\">K\u00e9rem, t\u00e1mogassa alap\u00edtv\u00e1nyunk munk\u00e1j\u00e1t, \u00e9s rendelkezzen ad\u00f3ja 1%-\u00e1val m\u00e1jus 20-ig!<\/p>\n\n\n\n<p class=\"has-text-align-center\">Aki m\u00e9g nem rendelkezett az ad\u00f3ja civil szervezeteknek adhat\u00f3 1%-\u00e1r\u00f3l az felaj\u00e1nlhatja a&nbsp;Pro&nbsp;Talentum&nbsp;K\u00f6zalap\u00edtv\u00e1nynak.<\/p>\n\n\n\n<p class=\"has-text-align-center\">Az&nbsp;<a href=\"http:\/\/eszja.nav.gov.hu\/\" target=\"_blank\" rel=\"noreferrer noopener\">eszja.nav.gov.hu<\/a>&nbsp;oldalon \u00fcgyf\u00e9lkapun kereszt\u00fcl lehet ezt megtenni m\u00e1jus 20-\u00e1n \u00e9jf\u00e9lig.<br><br>Tisztelettel:&nbsp;<a href=\"https:\/\/www.facebook.com\/horvath.eszter.16?__tn__=-%5dK*F\" target=\"_blank\" rel=\"noreferrer noopener\">Horv\u00e1th Eszter<\/a>,&nbsp;a kurat\u00f3rium eln\u00f6ke<\/p>\n","protected":false},"excerpt":{"rendered":"<p>A&nbsp;PRO&nbsp;TALENTUM&nbsp;K\u00d6ZALAP\u00cdTV\u00c1NY&nbsp;szeretettel v\u00e1rja a civil szervezeteknek adhat\u00f3 1%-os t\u00e1mogat\u00e1st! Az alap\u00edtv\u00e1ny \u00e9vek \u00f3ta t\u00e1mogatja a tehets\u00e9ges kunszentmikl\u00f3si tanul\u00f3kat. Aki m\u00e9g nem rendelkezett az ad\u00f3ja civil szervezeteknek adhat\u00f3 1% sz\u00e1zal\u00e9k\u00e1r\u00f3l, az felaj\u00e1nlhatja a&nbsp;Pro&nbsp;Talentum&nbsp;K\u00f6zalap\u00edtv\u00e1nynak. Ad\u00f3sz\u00e1m: 18349252-1-03 K\u00e9rem, t\u00e1mogassa alap\u00edtv\u00e1nyunk munk\u00e1j\u00e1t, \u00e9s rendelkezzen ad\u00f3ja 1%-\u00e1val m\u00e1jus 20-ig! Aki m\u00e9g nem rendelkezett az ad\u00f3ja civil szervezeteknek adhat\u00f3 1%-\u00e1r\u00f3l az felaj\u00e1nlhatja <a class=\"read-more\" href=\"https:\/\/vdamk.hu\/?p=6321\">Read More<\/a><\/p>\n","protected":false},"author":1,"featured_media":6322,"comment_status":"closed","ping_status":"closed","sticky":false,"template":"","format":"standard","meta":{"footnotes":""},"categories":[1],"tags":[],"_links":{"self":[{"href":"https:\/\/vdamk.hu\/index.php?rest_route=\/wp\/v2\/posts\/6321"}],"collection":[{"href":"https:\/\/vdamk.hu\/index.php?rest_route=\/wp\/v2\/posts"}],"about":[{"href":"https:\/\/vdamk.hu\/index.php?rest_route=\/wp\/v2\/types\/post"}],"author":[{"embeddable":true,"href":"https:\/\/vdamk.hu\/index.php?rest_route=\/wp\/v2\/users\/1"}],"replies":[{"embeddable":true,"href":"https:\/\/vdamk.hu\/index.php?rest_route=%2Fwp%2Fv2%2Fcomments&post=6321"}],"version-history":[{"count":2,"href":"https:\/\/vdamk.hu\/index.php?rest_route=\/wp\/v2\/posts\/6321\/revisions"}],"predecessor-version":[{"id":6324,"href":"https:\/\/vdamk.hu\/index.php?rest_route=\/wp\/v2\/posts\/6321\/revisions\/6324"}],"wp:featuredmedia":[{"embeddable":true,"href":"https:\/\/vdamk.hu\/index.php?rest_route=\/wp\/v2\/media\/6322"}],"wp:attachment":[{"href":"https:\/\/vdamk.hu\/index.php?rest_route=%2Fwp%2Fv2%2Fmedia&parent=6321"}],"wp:term":[{"taxonomy":"category","embeddable":true,"href":"https:\/\/vdamk.hu\/index.php?rest_route=%2Fwp%2Fv2%2Fcategories&post=6321"},{"taxonomy":"post_tag","embeddable":true,"href":"https:\/\/vdamk.hu\/index.php?rest_route=%2Fwp%2Fv2%2Ftags&post=6321"}],"curies":[{"name":"wp","href":"https:\/\/api.w.org\/{rel}","templated":true}]}}