{"id":2373,"date":"2021-11-11T10:17:46","date_gmt":"2021-11-11T10:17:46","guid":{"rendered":"https:\/\/vdamk.hu\/?p=2373"},"modified":"2021-11-11T10:18:31","modified_gmt":"2021-11-11T10:18:31","slug":"2373","status":"publish","type":"post","link":"https:\/\/vdamk.hu\/?p=2373","title":{"rendered":"Eml\u00e9kez\u00e9s Napja"},"content":{"rendered":"\n<p class=\"has-text-align-center\"><strong>Moln\u00e1r P\u00e9tern\u00e9: \u00a0Eml\u00e9kbesz\u00e9d a Nemzetk\u00f6zi Gyertyagy\u00fajt\u00e1si Akci\u00f3 Napj\u00e1n a harct\u00e9ren elesett katon\u00e1k\u00e9rt<\/strong><\/p>\n\n\n\n<p class=\"has-text-align-center\">Tisztelt Kunszentmikl\u00f3siak!&nbsp; Tisztelt Eml\u00e9kez\u0151k!<\/p>\n\n\n\n<p class=\"has-text-align-center\">Szeretettel k\u00f6sz\u00f6nt\u00f6m \u00d6n\u00f6ket, Eml\u00e9kez\u0151ket a Nagy H\u00e1bor\u00fa h\u0151seire eml\u00e9kez\u0151 napunkon.<\/p>\n\n\n\n<p class=\"has-text-align-center\">&nbsp;&nbsp;&nbsp;&nbsp;&nbsp;&nbsp;&nbsp;&nbsp;&nbsp;&nbsp;&nbsp; Az I. Vil\u00e1gh\u00e1bor\u00fa, a Nagy H\u00e1bor\u00fa, a nagy vil\u00e1g\u00e9g\u00e9s \u00e9vei az 1914 \u00e9s 1918 k\u00f6z\u00f6ttiek. Id\u00e9n, 2021-ben az 1917-es \u00e9v 104. \u00e9ves \u00e9vfordul\u00f3ja van.<\/p>\n\n\n\n<p class=\"has-text-align-center\">Mement\u00f3k\u00e9nt \u00e1ll a V\u00e1rosh\u00e1za el\u0151tt az 1925-ben fel\u00e1ll\u00edtott H\u0151s\u00f6k szobra, amely eml\u00e9keztet benn\u00fcnket, valamint eml\u00e9keztetnek az els\u00e1rgult f\u00e9nyk\u00e9pek \u00e9s a halv\u00e1nyul\u00f3 eml\u00e9kek.<\/p>\n\n\n\n<p class=\"has-text-align-center\">&nbsp;&nbsp;&nbsp;&nbsp;&nbsp;&nbsp;&nbsp;&nbsp;&nbsp;&nbsp;&nbsp;&nbsp; Ma, az eml\u00e9knapon r\u00e1juk eml\u00e9kez\u00fcnk a h\u0151s\u00f6kre, akik harcoltak, akik megharcolt\u00e1k a harcukat, akik fogs\u00e1gba estek, akik h\u0151si hal\u00e1lt haltak, akik rokkantan t\u00e9rtek haza, akiknek teljesen megv\u00e1ltozott az \u00e9let\u00fck.<\/p>\n\n\n\n<p class=\"has-text-align-center\">\u00a0\u00a0\u00a0\u00a0\u00a0\u00a0\u00a0\u00a0\u00a0\u00a0\u00a0 \u00a01914. j\u00falius 28-\u00e1n megt\u00f6rt\u00e9nt had\u00fczenet, 31-\u00e9n kihirdett\u00e9k az \u00e1ltal\u00e1nos katonai mozg\u00f3s\u00edt\u00e1st, melyet nagy lelkesed\u00e9s k\u00f6vetett. Egyszerre mozdult meg az eg\u00e9sz orsz\u00e1g.<\/p>\n\n\n\n<p class=\"has-text-align-center\">Csatasorba \u00e1llt mindenki: a t\u00e9nyleges, a tartal\u00e9kos, a p\u00f3ttartal\u00e9kos, a magyar \u00e9s a m\u00e1s nemzetis\u00e9g\u0171 katona. Felvonul\u00e1suk olyan volt, mint egy diadalmenet. A katonadalok sz\u00e1rnyaltak a bevonul\u00f3 \u201emagyar bak\u00e1k\u201dajk\u00e1r\u00f3l, ahogyan \u00e9nekelt\u00e9k a lelkes\u00edt\u0151 dalokat:<\/p>\n\n\n\n<p class=\"has-text-align-center\">&#8222;<em>Be\u00e1llok r\u00f3zs\u00e1m katon\u00e1nak,\u00a0<br>vagy husz\u00e1rnak, vagy bak\u00e1nak,<br>sz\u00fcks\u00e9ge van r\u00e1m a kir\u00e1lynak,\u00a0<br>a cs\u00e1sz\u00e1rnak, a haz\u00e1nak<\/em>.&#8221;<\/p>\n\n\n\n<p class=\"has-text-align-center\">vagy<\/p>\n\n\n\n<p class=\"has-text-align-center\">&#8222;<em>Harminckettes baka vagyok \u00e9n,<br>k\u00e9k parolin mosolyog a bl\u00fazom tetej\u00e9n.<br>Nincs m\u00e9g sarzsim, de holnapra lesz,<br>gall\u00e9romra a hadnagy \u00far csillagokat tesz.<br>Ferenc J\u00f3ska adta ezt a mund\u00e9rt r\u00e1m.<br>Nincsen lovam, de v\u00edg vagyok mindig \u00e1m!<br>Mert harminckettes baka vagyok \u00e9n,<br>recece, gyalog mas\u00edrozok \u00e9n.<\/em>&#8222;<\/p>\n\n\n\n<p class=\"has-text-align-center\">A haza h\u00edv\u00f3 szav\u00e1t a kunszentmikl\u00f3si ap\u00e1k, fiak, f\u00e9rjek, testv\u00e9rek, v\u0151leg\u00e9nyek is meghallott\u00e1k \u00e9s bevonultak: A haz\u00e1\u00e9rt! Mindhal\u00e1lig! Isten\u00e9rt! Kir\u00e1ly\u00e9rt! Haz\u00e1\u00e9rt!<\/p>\n\n\n\n<p class=\"has-text-align-center\">Az ultim\u00e1tumot k\u00f6vet\u0151en a t\u00e1mad\u00f3 hadm\u0171veletek els\u0151 hadsz\u00edntere Szerbia volt, ahol szakadatlan harc folyt a hegyh\u00e1tak\u00e9rt, a magaslatok\u00e9rt \u00e9s a cs\u00facsok birtokl\u00e1s\u00e1\u00e9rt.<\/p>\n\n\n\n<p class=\"has-text-align-center\">Belgr\u00e1d k\u00f6zel\u00e9ben b\u00f6mb\u00f6ltek az \u00e1gy\u00fak. Gr\u00e1n\u00e1tok, srapnelek ezrei csap\u00f3dtak a v\u00edzbe. Ponton r\u00e9szeket katon\u00e1kkal nyelt el a v\u00edz. Aratott a hal\u00e1l. Az el\u0151renyomul\u00e1s sor\u00e1n sokszor a szerb katonas\u00e1gon k\u00edv\u00fcl a monarchia ir\u00e1nti fanatikus gy\u0171l\u00f6lett\u0151l izz\u00f3, felfegyverzett polg\u00e1ri lakoss\u00e1ggal is harcolniuk kellett. A hat-h\u00e9t\u00e9ves gyerekt\u0151l a nyolcvan \u00e9vesig mindenki l\u0151tte a katon\u00e1inkat.<\/p>\n\n\n\n<p class=\"has-text-align-center\">1915-ben kezdet\u00e9t vette az Oroszorsz\u00e1g elleni t\u00e1mad\u00f3 hadm\u0171velet.<\/p>\n\n\n\n<p class=\"has-text-align-center\"><em>\u201eValahol a Dnyeszter partj\u00e1n s\u00edr a sz\u00e9l,<\/em><\/p>\n\n\n\n<p class=\"has-text-align-center\"><em>Orosz f\u00f6ldre r\u00e1borult a hideg t\u00e9l.<\/em>&#8222;<\/p>\n\n\n\n<p class=\"has-text-align-center\">sz\u00f3lt a magyar honv\u00e9dek ajk\u00e1n a katonan\u00f3ta, amikor a K\u00e1rp\u00e1tok fel\u00e9 tartott vel\u00fck a szerelv\u00e9ny.<\/p>\n\n\n\n<p class=\"has-text-align-center\">&nbsp;&nbsp;&nbsp;&nbsp;&nbsp;&nbsp;&nbsp;&nbsp;&nbsp;&nbsp;&nbsp; Az \u00c9szakkeleti -K\u00e1rp\u00e1tok k\u00fcls\u0151 vonulat\u00e1ban, Gal\u00edci\u00e1ban (Przemisl-\u00e9rt folyt az embert pr\u00f3b\u00e1l\u00f3 k\u00fczdelem, 15-20 fokos hidegben, der\u00e9kig \u00e9r\u0151 h\u00f3ban, hidegt\u0151l dermedten, vakon t\u00f6rtek el\u0151re, ahogyan Gy\u00f3ni G\u00e9za \u00edrta:<\/p>\n\n\n\n<p class=\"has-text-align-center\"><em>\u201eMikor a hal\u00e1lg\u00e9p muzsik\u00e1l felett\u00fcnk,<\/em><\/p>\n\n\n\n<p class=\"has-text-align-center\"><em>Mikor l\u00e1thatatlan magja k\u00e9l a k\u00f6dnek,<\/em><\/p>\n\n\n\n<p class=\"has-text-align-center\"><em>S gyilkos \u00f3lomfecsk\u00e9k szanasz\u00e9t r\u00f6pk\u00f6dnek.\u201d<\/em><\/p>\n\n\n\n<p class=\"has-text-align-center\">A csapatok minden dics\u00e9retet ki\u00e9rdeml\u0151 kitart\u00e1ssal \u00e9s gy\u0151zni akar\u00e1ssal k\u00fczd\u00f6ttek.&nbsp; A szakadatlanul harcol\u00f3 katon\u00e1k a hidegt\u0151l dermedten, vakon t\u00f6rtek el\u0151re nem t\u00f6r\u0151dve az ellens\u00e9g t\u00fcz\u00e9vel, ahogyan azt Vargha Tam\u00e1s: Magyar fi\u00fa Bibli\u00e1ja c\u00edm\u0171 vers\u00e9ben megfogalmazta:<\/p>\n\n\n\n<p class=\"has-text-align-center\"><em>\u201eK\u00fczd\u00f6tt\u00fcnk harcot, heveset,<\/em><\/p>\n\n\n\n<p class=\"has-text-align-center\"><em>\u00c9s m\u00e9gis mennyi bajt\u00e1rs elesett!<\/em><\/p>\n\n\n\n<p class=\"has-text-align-center\"><em>Am\u00edg egyet goly\u00f3 tal\u00e1lt,<\/em><\/p>\n\n\n\n<p class=\"has-text-align-center\"><em>H\u00e1rman haltak lass\u00fa hal\u00e1lt,<\/em><\/p>\n\n\n\n<p class=\"has-text-align-center\"><em>Goly\u00f3n\u00e1l gyilkosabb rag\u00e1ly<\/em><\/p>\n\n\n\n<p class=\"has-text-align-center\"><em>Sok testbe f\u00farta be mag\u00e1t,<\/em><\/p>\n\n\n\n<p class=\"has-text-align-center\"><em>Az \u00e1that\u00f3 nedves hideg<\/em><\/p>\n\n\n\n<p class=\"has-text-align-center\"><em>Sokuknak s\u00edrj\u00e1t \u00e1sta meg,<\/em><\/p>\n\n\n\n<p class=\"has-text-align-center\"><em>A fej t\u00fczelt, A l\u00e1b fagyott\u201d<\/em><\/p>\n\n\n\n<p class=\"has-text-align-center\">&nbsp;Legyen p\u00e9ld\u00e1juk \u00f6r\u00f6k, mert az Osztr\u00e1k-Magyar Monarchia kapuj\u00e1ban oroszl\u00e1nk\u00e9nt k\u00fczd\u00f6ttek. 1915. m\u00e1rcius 23-\u00e1n Przemisl kapitul\u00e1lt. A h\u0151s\u00f6kr\u0151l elmondhat\u00f3:<\/p>\n\n\n\n<p class=\"has-text-align-center\"><em>\u201eGyilkos h\u00e1bor\u00faban ontott\u00e1k v\u00e9r\u00fcket,<\/em><\/p>\n\n\n\n<p class=\"has-text-align-center\"><em>Jeltelen s\u00edrhalom takarja test\u00fcket,<\/em><\/p>\n\n\n\n<p class=\"has-text-align-center\"><em>F\u00f6l\u00f6tt\u00fck d\u00fcb\u00f6r\u00f6gve s\u00fcv\u00edt a sz\u00e9l,<\/em><\/p>\n\n\n\n<p class=\"has-text-align-center\"><em>a f\u0171, a fa, a n\u00e1dsz\u00e1l susogva besz\u00e9l.<\/em><\/p>\n\n\n\n<p class=\"has-text-align-center\"><em>Idegen a z\u00fazmara, m\u00e1sk\u00e9nt hull a k\u00f6d.<\/em><\/p>\n\n\n\n<p class=\"has-text-align-center\"><em>a f\u00f6ld is t\u00e1voli, mi titeket bef\u00f6d.\u201d<\/em><\/p>\n\n\n\n<p class=\"has-text-align-center\">&nbsp;&nbsp;&nbsp;&nbsp;&nbsp; 1915-ben a v\u00e9delmi harcok Doberd\u00f3n\u00e1l folytak. Doberd\u00f3 a magyar Golgota, a rem\u00e9ny \u00e9s a hal\u00e1l temploma, a perg\u0151t\u0171zben sz\u00e9tszakadt testek \u00e9s lelkek v\u00e9gs\u0151 nyughelye.<\/p>\n\n\n\n<p class=\"has-text-align-center\">A vil\u00e1gt\u00f6rt\u00e9nelem egyik legv\u00e9resebb hadsz\u00edntere volt, \u00e9s maradt 2 \u00e9s f\u00e9l \u00e9ven kereszt\u00fcl.<\/p>\n\n\n\n<p class=\"has-text-align-center\">A h\u0151si k\u00fczdelemben kit\u0171ntek a magyar honv\u00e9dek.&nbsp; Az osztr\u00e1k- magyar h\u0151siess\u00e9g itt \u00fcnnepelte legnagyobb diadal\u00e1t.<\/p>\n\n\n\n<p class=\"has-text-align-center\">Az Isonz\u00f3-v\u00e9delem \u00e9veken \u00e1t a legal\u00e1bb h\u00e1romszoros olasz f\u00f6l\u00e9nnyel szemben \u00e1llt helyt \u201efel\u00fclm\u00falhatatlan nyomor\u00fas\u00e1g \u00e9s borzalmak\u201d k\u00f6z\u00f6tt.<\/p>\n\n\n\n<p class=\"has-text-align-center\">&nbsp; 1916-ban Tirolban folytat\u00f3dott a h\u00e1bor\u00fa. Katon\u00e1ink teljesen ismeretlen harct\u00e9ren, \u00e9gig ny\u00fal\u00f3, \u00f6r\u00f6k h\u00f3val fedett hegyeken, a Dolomitok hegy\u00f3ri\u00e1sain \u00e9s meredek, j\u00e1rhatatlan sziklafalain harcoltak. Lavinaoml\u00e1s \u00e9s betegs\u00e9g tizedelte a katon\u00e1kat. Sem az \u00e9hs\u00e9g, sem a fagy nem t\u00e1ntor\u00edtotta el \u0151ket a gy\u0151zelem\u00e9rt foly\u00f3 szakadatlan harct\u00f3l.&nbsp; A Zugna Torta sziklat\u00f6mbj\u00e9nek elfoglal\u00e1sa sor\u00e1n s\u0171r\u0171 rendet v\u00e1gott a hal\u00e1l. Egy l\u00e9p\u00e9st sem h\u00e1tr\u00e1lva t\u00f6bb mint 40 \u00fctk\u00f6zetben mutatt\u00e1k meg a b\u00e1tors\u00e1gukat. Birtokba vett\u00e9k a legfontosabb hadm\u0171veleti c\u00e9lt, a Col Santo t\u00f6mbj\u00e9t, mert Anton Wildgars: Mi gyalogosok c\u00edm\u0171 vers\u00e9ben vallottak tudat\u00e1val v\u00edvt\u00e1k h\u0151si k\u00fczdelm\u00fcket:<\/p>\n\n\n\n<p class=\"has-text-align-center\"><em>\u201eDe mi vagyunk, kiket minden\u00fctt bevetnek.<\/em><\/p>\n\n\n\n<p class=\"has-text-align-center\"><em>Mi az arct\u00e1mad\u00f3k, mi az \u00e1tkarol\u00f3k,<\/em><\/p>\n\n\n\n<p class=\"has-text-align-center\"><em>Mindig v\u00e9gvesz\u00e9lyben, mindenkoron r\u00e9sen,<\/em><\/p>\n\n\n\n<p class=\"has-text-align-center\"><em>Az \u0151si f\u00e9rfi-harc k\u00fczdelm\u00e9re k\u00e9szen,<\/em><\/p>\n\n\n\n<p class=\"has-text-align-center\"><em>Mi vagyunk csat\u00e1kat d\u00f6nt\u0151 hatalmasok,<\/em><\/p>\n\n\n\n<p class=\"has-text-align-center\"><em>Ember ember ellen: mi a gyalogosok\u201d<\/em><\/p>\n\n\n\n<p class=\"has-text-align-center\">1917: Az erd\u00e9lyi \u00e9s az orosz fronton \u00e1lltak helyt. Az utols\u00f3 harcok a Piave kanyarg\u00f3 foly\u00e1s\u00e1n\u00e1l voltak, ott ontott\u00e1k b\u0151ven oml\u00f3 v\u00e9r\u00fcket.<\/p>\n\n\n\n<p class=\"has-text-align-center\">1918. november 3-\u00e1n megt\u00f6rt\u00e9nt a fegyversz\u00fcnet al\u00e1\u00edr\u00e1sa, m\u00e9gis november 4-\u00e9n d\u00e9lut\u00e1n 3 \u00f3r\u00e1ig fogs\u00e1gba ejtett\u00e9k a m\u00e1r hazaindul\u00f3 katon\u00e1kat. Az utols\u00f3 fegyversz\u00fcnet megk\u00f6t\u00e9s\u00e9re november 11-\u00e9n 11 \u00f3ra 11 perckor ker\u00fclt sor.<\/p>\n\n\n\n<p class=\"has-text-align-center\">A H\u00e1bor\u00fas Eml\u00e9khelyeket Gondoz\u00f3k T\u00e1rsas\u00e1ga a Krajcz\u00e1ros Alap\u00edtv\u00e1nnyal minden \u00e9vben november 11-\u00e9n 11 \u00f3ra 11 percre Nemzetk\u00f6zi Gyertyagy\u00fajt\u00e1st szervez az I. \u00e9s II. vil\u00e1gh\u00e1bor\u00faban idegen f\u00f6ldben elhunyt katon\u00e1k eml\u00e9k\u00e9re. Kunszentmikl\u00f3son m\u00e1r a hatodik&nbsp; alkalommal eml\u00e9kez\u00fcnk&nbsp; elesett I \u00e9s II. vil\u00e1gh\u00e1bor\u00fas h\u0151seinkre<\/p>\n\n\n\n<p class=\"has-text-align-center\">Az I. vil\u00e1gh\u00e1bor\u00faban 15 milli\u00f3an haltak meg, ebb\u0151l 531 000 magyar \u00e9s 342 kunszentmikl\u00f3si, nev\u00fck olvashat\u00f3 a H\u0151s\u00f6k szobr\u00e1n. Valamennyien a Ti, az \u00d6n\u00f6k felmen\u0151i.<\/p>\n\n\n\n<p class=\"has-text-align-center\"><em>\u201eNek\u00fcnk csak eml\u00e9kezn\u00fcnk kell,<\/em><\/p>\n\n\n\n<p class=\"has-text-align-center\"><em>mit k\u00f6vetel a h\u00e1la.<\/em><\/p>\n\n\n\n<p class=\"has-text-align-center\"><em>Haz\u00e1\u00e9rt adt\u00e1k \u00e9let\u00fck,<\/em><\/p>\n\n\n\n<p class=\"has-text-align-center\"><em>\u00e9gjen \u00e9rett\u00fck gyertya,<\/em><\/p>\n\n\n\n<p class=\"has-text-align-center\"><em>s az \u00f6r\u00f6k m\u00e9cses l\u00e1ngja.<\/em><\/p>\n\n\n\n<p class=\"has-text-align-center\">( Albert Ferenc: A doni h\u0151s\u00f6k eml\u00e9k\u00e9re)<\/p>\n\n\n\n<p class=\"has-text-align-center\">Nek\u00fcnk, ut\u00f3doknak az a feladatunk, hogy kegyelettel eml\u00e9kezz\u00fcnk r\u00e1juk. \u0150rizz\u00fck meg \u0151ket eml\u00e9keinkben \u00e9s a sz\u00edv\u00fckben! Ismerj\u00fck meg h\u0151stetteiket \u00e9s fogadjuk a nek\u00fcnk k\u00fcld\u00f6tt \u00fczeneteket! Befejez\u00e9s\u00fcl Bern\u00e1th Lajos: Vil\u00e1ghimnusz c\u00edm\u0171 vers\u00e9nek sorait fogadjuk meg:<\/p>\n\n\n\n<p class=\"has-text-align-center\"><em>\u201eHallj\u00e1tok meg minden n\u00e9pek,<\/em><\/p>\n\n\n\n<p class=\"has-text-align-center\"><em>Kik e f\u00f6ld\u00f6n laktok!<\/em><\/p>\n\n\n\n<p class=\"has-text-align-center\"><em>Nem vagytok ti ellens\u00e9gek,<\/em><\/p>\n\n\n\n<p class=\"has-text-align-center\"><em>Ti testv\u00e9rek vagytok!<\/em><\/p>\n\n\n\n<p class=\"has-text-align-center\"><em>Haszn\u00e1lja h\u00e1t kiki nyelv\u00e9t,<\/em><\/p>\n\n\n\n<p class=\"has-text-align-center\"><em>Viselje ruh\u00e1j\u00e1t,<\/em><\/p>\n\n\n\n<p class=\"has-text-align-center\"><em>Csak egym\u00e1sra soha t\u00f6bb\u00e9<\/em><\/p>\n\n\n\n<p class=\"has-text-align-center\"><em>Ne nyissa fel sz\u00e1j\u00e1t!\u201d<\/em><\/p>\n\n\n\n<p class=\"has-text-align-right\"><strong><em>Moln\u00e1r P\u00e9tern\u00e9<\/em><\/strong><\/p>\n","protected":false},"excerpt":{"rendered":"<p>Moln\u00e1r P\u00e9tern\u00e9: \u00a0Eml\u00e9kbesz\u00e9d a Nemzetk\u00f6zi Gyertyagy\u00fajt\u00e1si Akci\u00f3 Napj\u00e1n a harct\u00e9ren elesett katon\u00e1k\u00e9rt Tisztelt Kunszentmikl\u00f3siak!&nbsp; Tisztelt Eml\u00e9kez\u0151k! Szeretettel k\u00f6sz\u00f6nt\u00f6m \u00d6n\u00f6ket, Eml\u00e9kez\u0151ket a Nagy H\u00e1bor\u00fa h\u0151seire eml\u00e9kez\u0151 napunkon. &nbsp;&nbsp;&nbsp;&nbsp;&nbsp;&nbsp;&nbsp;&nbsp;&nbsp;&nbsp;&nbsp; Az I. Vil\u00e1gh\u00e1bor\u00fa, a Nagy H\u00e1bor\u00fa, a nagy vil\u00e1g\u00e9g\u00e9s \u00e9vei az 1914 \u00e9s 1918 k\u00f6z\u00f6ttiek. Id\u00e9n, 2021-ben az 1917-es \u00e9v 104. \u00e9ves \u00e9vfordul\u00f3ja van. Mement\u00f3k\u00e9nt \u00e1ll a V\u00e1rosh\u00e1za <a class=\"read-more\" href=\"https:\/\/vdamk.hu\/?p=2373\">Read More<\/a><\/p>\n","protected":false},"author":1,"featured_media":2374,"comment_status":"closed","ping_status":"closed","sticky":false,"template":"","format":"standard","meta":{"footnotes":""},"categories":[1],"tags":[],"_links":{"self":[{"href":"https:\/\/vdamk.hu\/index.php?rest_route=\/wp\/v2\/posts\/2373"}],"collection":[{"href":"https:\/\/vdamk.hu\/index.php?rest_route=\/wp\/v2\/posts"}],"about":[{"href":"https:\/\/vdamk.hu\/index.php?rest_route=\/wp\/v2\/types\/post"}],"author":[{"embeddable":true,"href":"https:\/\/vdamk.hu\/index.php?rest_route=\/wp\/v2\/users\/1"}],"replies":[{"embeddable":true,"href":"https:\/\/vdamk.hu\/index.php?rest_route=%2Fwp%2Fv2%2Fcomments&post=2373"}],"version-history":[{"count":2,"href":"https:\/\/vdamk.hu\/index.php?rest_route=\/wp\/v2\/posts\/2373\/revisions"}],"predecessor-version":[{"id":2376,"href":"https:\/\/vdamk.hu\/index.php?rest_route=\/wp\/v2\/posts\/2373\/revisions\/2376"}],"wp:featuredmedia":[{"embeddable":true,"href":"https:\/\/vdamk.hu\/index.php?rest_route=\/wp\/v2\/media\/2374"}],"wp:attachment":[{"href":"https:\/\/vdamk.hu\/index.php?rest_route=%2Fwp%2Fv2%2Fmedia&parent=2373"}],"wp:term":[{"taxonomy":"category","embeddable":true,"href":"https:\/\/vdamk.hu\/index.php?rest_route=%2Fwp%2Fv2%2Fcategories&post=2373"},{"taxonomy":"post_tag","embeddable":true,"href":"https:\/\/vdamk.hu\/index.php?rest_route=%2Fwp%2Fv2%2Ftags&post=2373"}],"curies":[{"name":"wp","href":"https:\/\/api.w.org\/{rel}","templated":true}]}}