{"id":2319,"date":"2020-11-20T10:07:30","date_gmt":"2020-11-20T10:07:30","guid":{"rendered":"http:\/\/vdamk.hu\/?p=2319"},"modified":"2020-11-20T10:07:30","modified_gmt":"2020-11-20T10:07:30","slug":"ablakos-kolcsonzes","status":"publish","type":"post","link":"https:\/\/vdamk.hu\/?p=2319","title":{"rendered":"Ablakos k\u00f6lcs\u00f6nz\u00e9s"},"content":{"rendered":"\n<p><strong>Kedves Olvas\u00f3ink, L\u00e1togat\u00f3ink!<\/strong><\/p>\n\n\n\n<p><strong>A k\u00f6nyvt\u00e1rak, m\u0171vel\u0151d\u00e9si int\u00e9zm\u00e9nyek szem\u00e9lyes l\u00e1togat\u00e1s\u00e1t a Korm\u00e1ny 484\/2020. (XI. 10.) Korm. rendelete nem enged\u00e9lyezi. Szeretn\u00e9nk, ha \u00d6n\u00f6k nem maradn\u00e1nak olvasnival\u00f3 n\u00e9lk\u00fcl, ez\u00e9rt elind\u00edtjuk az \u00fagynevezett<\/strong><\/p>\n\n\n\n<p><strong>ABLAKOS- K\u00d6LCS\u00d6NZ\u00c9S szolg\u00e1ltat\u00e1sunkat<\/strong><strong>, amelyet k\u00f6nyvt\u00e1runk bej\u00e1rata fel\u0151l lehet megk\u00f6zel\u00edteni.<\/strong><\/p>\n\n\n\n<p><strong>A j\u00e1rv\u00e1ny\u00fcgyi szab\u00e1lyoknak megfelel\u0151en az \u00e9p\u00fcletbe bel\u00e9pni tilos!<\/strong><\/p>\n\n\n\n<p><strong>Az al\u00e1bbi szolg\u00e1ltat\u00e1sok vehet\u0151k ig\u00e9nybe:<\/strong><\/p>\n\n\n\n<p><strong>&#8211; Visszavessz\u00fck a k\u00f6lcs\u00f6nz\u00f6tt dokumentumokat<\/strong><\/p>\n\n\n\n<p><strong>&#8211; El\u0151zetesen e-mailben vagy telefonon k\u00e9rt dokumentumokat \u00f6sszek\u00e9sz\u00edtj\u00fck, \u00e9s a bej\u00e1ratn\u00e1l \u00e1tadjuk<\/strong><\/p>\n\n\n\n<p><strong>&#8211; Lehet\u0151s\u00e9g van \u00faj tags\u00e1g l\u00e9tes\u00edt\u00e9s\u00e9re<\/strong><\/p>\n\n\n\n<p><strong>&#8211; Meghosszabb\u00edtjuk a lej\u00e1rt hat\u00e1ridej\u0171 dokumentumokat<\/strong><\/p>\n\n\n\n<p><strong>&#8211; A k\u00f6lcs\u00f6nz\u00e9s mellett technikai szolg\u00e1ltat\u00e1sink is el\u00e9rhet\u0151ek, a nyomtatni, f\u00e9nym\u00e1solni k\u00edv\u00e1nt dokumentumokat k\u00e9rj\u00fck lehet\u0151s\u00e9g szerint e-mailben k\u00fcldj\u00e9k el<\/strong><\/p>\n\n\n\n<p><strong>K\u00e9rj\u00fck, k\u00f6lcs\u00f6nz\u00e9si ig\u00e9nyeiket az al\u00e1bbi el\u00e9rhet\u0151s\u00e9geken jelezz\u00e9k:<\/strong><\/p>\n\n\n\n<p><strong>Telefon: (h\u00e9tf\u0151t\u0151l &#8211; p\u00e9ntekig 8.00-15.00 \u00f3ra k\u00f6z\u00f6tt)<\/strong><\/p>\n\n\n\n<p><strong>06\/76-351-344\/25-\u00f6s mell\u00e9k<\/strong><\/p>\n\n\n\n<p><strong>E-mail:&nbsp;<a href=\"mailto:vargadomokosamk@gmail.com\" target=\"_blank\" rel=\"noreferrer noopener\">vargadomokosamk@gmail.com<\/a><\/strong><\/p>\n\n\n\n<p><strong>Valamint itt az int\u00e9zm\u00e9ny\u00fcnk Facebok oldal\u00e1n.<\/strong><\/p>\n\n\n\n<p><strong>K\u00e9rj\u00fck \u00d6n\u00f6ket, hogy minden esetben tarts\u00e1k be a higi\u00e9niai szab\u00e1lyokat!<\/strong><\/p>\n\n\n\n<p><strong>Varga Domokos \u00c1MK munkat\u00e1rsai<\/strong><\/p>\n","protected":false},"excerpt":{"rendered":"<p>Kedves Olvas\u00f3ink, L\u00e1togat\u00f3ink! A k\u00f6nyvt\u00e1rak, m\u0171vel\u0151d\u00e9si int\u00e9zm\u00e9nyek szem\u00e9lyes l\u00e1togat\u00e1s\u00e1t a Korm\u00e1ny 484\/2020. (XI. 10.) Korm. rendelete nem enged\u00e9lyezi. Szeretn\u00e9nk, ha \u00d6n\u00f6k nem maradn\u00e1nak olvasnival\u00f3 n\u00e9lk\u00fcl, ez\u00e9rt elind\u00edtjuk az \u00fagynevezett ABLAKOS- K\u00d6LCS\u00d6NZ\u00c9S szolg\u00e1ltat\u00e1sunkat, amelyet k\u00f6nyvt\u00e1runk bej\u00e1rata fel\u0151l lehet megk\u00f6zel\u00edteni. A j\u00e1rv\u00e1ny\u00fcgyi szab\u00e1lyoknak megfelel\u0151en az \u00e9p\u00fcletbe bel\u00e9pni tilos! Az al\u00e1bbi szolg\u00e1ltat\u00e1sok vehet\u0151k ig\u00e9nybe: &#8211; Visszavessz\u00fck a k\u00f6lcs\u00f6nz\u00f6tt <a class=\"read-more\" href=\"https:\/\/vdamk.hu\/?p=2319\">Read More<\/a><\/p>\n","protected":false},"author":1,"featured_media":2320,"comment_status":"closed","ping_status":"closed","sticky":false,"template":"","format":"standard","meta":{"footnotes":""},"categories":[1],"tags":[],"_links":{"self":[{"href":"https:\/\/vdamk.hu\/index.php?rest_route=\/wp\/v2\/posts\/2319"}],"collection":[{"href":"https:\/\/vdamk.hu\/index.php?rest_route=\/wp\/v2\/posts"}],"about":[{"href":"https:\/\/vdamk.hu\/index.php?rest_route=\/wp\/v2\/types\/post"}],"author":[{"embeddable":true,"href":"https:\/\/vdamk.hu\/index.php?rest_route=\/wp\/v2\/users\/1"}],"replies":[{"embeddable":true,"href":"https:\/\/vdamk.hu\/index.php?rest_route=%2Fwp%2Fv2%2Fcomments&post=2319"}],"version-history":[{"count":1,"href":"https:\/\/vdamk.hu\/index.php?rest_route=\/wp\/v2\/posts\/2319\/revisions"}],"predecessor-version":[{"id":2321,"href":"https:\/\/vdamk.hu\/index.php?rest_route=\/wp\/v2\/posts\/2319\/revisions\/2321"}],"wp:featuredmedia":[{"embeddable":true,"href":"https:\/\/vdamk.hu\/index.php?rest_route=\/wp\/v2\/media\/2320"}],"wp:attachment":[{"href":"https:\/\/vdamk.hu\/index.php?rest_route=%2Fwp%2Fv2%2Fmedia&parent=2319"}],"wp:term":[{"taxonomy":"category","embeddable":true,"href":"https:\/\/vdamk.hu\/index.php?rest_route=%2Fwp%2Fv2%2Fcategories&post=2319"},{"taxonomy":"post_tag","embeddable":true,"href":"https:\/\/vdamk.hu\/index.php?rest_route=%2Fwp%2Fv2%2Ftags&post=2319"}],"curies":[{"name":"wp","href":"https:\/\/api.w.org\/{rel}","templated":true}]}}