{"id":2279,"date":"2020-08-31T19:59:11","date_gmt":"2020-08-31T19:59:11","guid":{"rendered":"http:\/\/vdamk.hu\/?p=2279"},"modified":"2020-08-31T19:59:11","modified_gmt":"2020-08-31T19:59:11","slug":"a-pro-talentum-kozalapitvany-palyazati-felhivasa","status":"publish","type":"post","link":"https:\/\/vdamk.hu\/?p=2279","title":{"rendered":"A Pro Talentum K\u00f6zalap\u00edtv\u00e1ny p\u00e1ly\u00e1zati felh\u00edv\u00e1sa"},"content":{"rendered":"\n<p>A Kunszentmikl\u00f3s V\u00e1rosi \u00d6nkorm\u00e1nyzata \u00e1ltal alap\u00edtott<\/p>\n\n\n\n<p><strong>PRO&nbsp; TALENTUM&nbsp;&nbsp; K\u00d6ZALAP\u00cdTV\u00c1NY<\/strong><\/p>\n\n\n\n<p>p\u00e1ly\u00e1zati felh\u00edv\u00e1sa<\/p>\n\n\n\n<p>Az Alap\u00edtv\u00e1ny Kurat\u00f3riuma felh\u00edv\u00e1st tesz k\u00f6zz\u00e9, az al\u00e1bbi felt\u00e9telek szerint:<\/p>\n\n\n\n<p>1.\/&nbsp;&nbsp; <strong><u>A p\u00e1ly\u00e1zat c\u00e9lja:<\/u><\/strong><\/p>\n\n\n\n<p>&nbsp;&nbsp;&nbsp;&nbsp;&nbsp; F\u0151iskolai \u00e9s egyetemi tanulm\u00e1nyaikat folytat\u00f3, de valamilyen okn\u00e1l fogva h\u00e1tr\u00e1nyos k\u00f6r\u00fclm\u00e9nyek k\u00f6z\u00f6tt \u00e9l\u0151 tehets\u00e9ges tanul\u00f3k el\u0151menetel\u00e9nek seg\u00edt\u00e9se, iskol\u00e1ztat\u00e1suk anyagi felt\u00e9teleinek t\u00e1mogat\u00e1sa, a sz\u00fcl\u0151k anyagi terhei egy r\u00e9sz\u00e9nek \u00e1tv\u00e1llal\u00e1sa.<\/p>\n\n\n\n<p>&nbsp;&nbsp;&nbsp;&nbsp;&nbsp; Amennyiben a p\u00e1ly\u00e1z\u00f3k nem mer\u00edtik ki a felhaszn\u00e1lhat\u00f3 \u00f6sszegkeretet, a Kurat\u00f3rium kiv\u00e9telesen k\u00f6z\u00e9piskolai tanulm\u00e1nyokat folytat\u00f3 di\u00e1kokat is t\u00e1mogathat.<\/p>\n\n\n\n<p>2.\/&nbsp;&nbsp;&nbsp; <strong><u>A p\u00e1ly\u00e1zaton val\u00f3 r\u00e9szv\u00e9tel:<\/u><\/strong><\/p>\n\n\n\n<p>&nbsp;&nbsp;&nbsp;&nbsp;&nbsp;&nbsp;&nbsp; F\u0151iskolai, egyetemi \u00e9s k\u00f6z\u00e9piskolai tanulm\u00e1nyaikat folytat\u00f3, de valamilyen okn\u00e1l fogva h\u00e1tr\u00e1nyos k\u00f6r\u00fclm\u00e9nyek k\u00f6z\u00f6tt \u00e9l\u0151 tehets\u00e9ges tanul\u00f3k p\u00e1ly\u00e1zhatnak.<\/p>\n\n\n\n<p>&nbsp;&nbsp;&nbsp;&nbsp;&nbsp;&nbsp;&nbsp; Felt\u00e9tel:<\/p>\n\n\n\n<p><strong>&nbsp;&nbsp;&nbsp;&nbsp;&nbsp;&nbsp;&nbsp; f\u0151iskola, egyetem eset\u00e9n<\/strong><\/p>\n\n\n\n<p>&nbsp;&nbsp;&nbsp;&nbsp;&nbsp;&nbsp;&nbsp; az el\u0151z\u0151 f\u00e9l\u00e9vi tanulm\u00e1nyi \u00e1tlageredm\u00e9ny:&nbsp;&nbsp;&nbsp;&nbsp; <strong>3,5<\/strong><\/p>\n\n\n\n<p><strong>&nbsp;&nbsp;&nbsp;&nbsp;&nbsp;&nbsp;&nbsp; k\u00f6z\u00e9piskola eset\u00e9n<\/strong><\/p>\n\n\n\n<p>&nbsp;&nbsp;&nbsp;&nbsp;&nbsp;&nbsp;&nbsp; az el\u0151z\u0151 f\u00e9l\u00e9vi tanulm\u00e1nyi \u00e1tlageredm\u00e9ny:&nbsp;&nbsp;&nbsp;&nbsp; <strong>4,0<\/strong><\/p>\n\n\n\n<p>A csal\u00e1d egy f\u0151re jut\u00f3 j\u00f6vedelme nem haladhatja meg a mindenkori minim\u00e1lb\u00e9r \u00f6sszeg\u00e9t (2020.: 161.000.-Ft), ett\u0151l az \u00e9rt\u00e9khat\u00e1rt\u00f3l a kurat\u00f3rium m\u00e9lt\u00e1nyoss\u00e1gb\u00f3l, a k\u00f6r\u00fclm\u00e9nyekre val\u00f3 tekintettel elt\u00e9rhet.<\/p>\n\n\n\n<p>3.\/&nbsp;&nbsp;&nbsp; <strong><u>A p\u00e1ly\u00e1zatnak tartalmaznia kell:<\/u><\/strong><\/p>\n\n\n\n<p>&nbsp;&nbsp;&nbsp;&nbsp;&nbsp;&nbsp;&nbsp; a)&nbsp; a p\u00e1ly\u00e1z\u00f3 nev\u00e9t, c\u00edm\u00e9t, \u00e9letkor\u00e1t, iskolai v\u00e9gzetts\u00e9g\u00e9t, az ig\u00e9nyelt&nbsp; egyszeri t\u00e1mogat\u00e1s \u00f6sszeg\u00e9t \u00e9s annak indokl\u00e1s\u00e1t;<\/p>\n\n\n\n<p>&nbsp;&nbsp;&nbsp;&nbsp;&nbsp;&nbsp;&nbsp; b)&nbsp; az el\u0151z\u0151 f\u00e9l\u00e9vi \u00e1tlageredm\u00e9ny\u00e9t is tartalmaz\u00f3 iskolal\u00e1togat\u00e1si igazol\u00e1st.<\/p>\n\n\n\n<p>&nbsp;&nbsp;&nbsp;&nbsp;&nbsp;&nbsp;&nbsp; A fenti adatokra vonatkoz\u00f3an p\u00e1ly\u00e1zati adatlap k\u00e9sz\u00fclt, amely beszerezhet\u0151 a Polg\u00e1rmesteri Hivatal 9. sz\u00e1m\u00fa szob\u00e1j\u00e1ban.<\/p>\n\n\n\n<p>&nbsp;&nbsp;&nbsp;&nbsp;&nbsp;&nbsp;&nbsp; Maga a kit\u00f6lt\u00f6tt adatlap szolg\u00e1l p\u00e1ly\u00e1zatul.<\/p>\n\n\n\n<p><strong>&nbsp;&nbsp;&nbsp;&nbsp;&nbsp;&nbsp;&nbsp; A Kurat\u00f3rium a hi\u00e1nyosan beny\u00fajtott p\u00e1ly\u00e1zatokat nem fogadja el!<\/strong><\/p>\n\n\n\n<p>&nbsp;&nbsp;&nbsp;&nbsp;&nbsp;&nbsp;&nbsp; A p\u00e1ly\u00e1zattal kapcsolatos k\u00e9rd\u00e9sek feltehet\u0151k szem\u00e9lyesen vagy telefonon (telefonsz\u00e1m: 551-010) a Polg\u00e1rmesteri Hivataln\u00e1l.<\/p>\n\n\n\n<p>4.\/&nbsp;&nbsp;&nbsp; <strong><u>A p\u00e1ly\u00e1zat beny\u00fajt\u00e1sa:<\/u><\/strong><\/p>\n\n\n\n<p>&nbsp;&nbsp;&nbsp;&nbsp;&nbsp;&nbsp;&nbsp; A p\u00e1ly\u00e1zatot a Kunszentmikl\u00f3si Polg\u00e1rmesteri Hivatal\u00e1hoz kell beny\u00fajtani, mely p\u00e1ly\u00e1zatot a Kurat\u00f3rium b\u00edr\u00e1l el.<\/p>\n\n\n\n<p><strong>&nbsp;&nbsp;&nbsp;&nbsp;&nbsp;&nbsp;&nbsp; A p\u00e1ly\u00e1zat beny\u00fajt\u00e1s\u00e1nak kezdete: 2020. szeptember 15.<\/strong><\/p>\n\n\n\n<p><strong>A p\u00e1ly\u00e1zat be\u00e9rkez\u00e9si hat\u00e1rideje: 2020. okt\u00f3ber 30., 12.00 \u00f3ra<\/strong><\/p>\n\n\n\n<p><strong>&nbsp;&nbsp;&nbsp;&nbsp;&nbsp;&nbsp;&nbsp; <\/strong>A bek\u00fcld\u00e9si id\u0151pontnak a lev\u00e9len l\u00e9v\u0151 postai b\u00e9lyegz\u00e9s id\u0151pontj\u00e1t kell tekinteni.<\/p>\n\n\n\n<p>&nbsp;&nbsp;&nbsp;&nbsp;&nbsp;&nbsp;&nbsp; A be\u00e9rkezett p\u00e1ly\u00e1zatokr\u00f3l <strong>2020. november 16<\/strong>-ig sz\u00fcletik d\u00f6nt\u00e9s.<\/p>\n\n\n\n<p>Kunszentmikl\u00f3s, 2020. augusztus 18.<\/p>\n\n\n\n<p>&nbsp;&nbsp;&nbsp;&nbsp;&nbsp;&nbsp;&nbsp;&nbsp;&nbsp;&nbsp;&nbsp;&nbsp;&nbsp;&nbsp;&nbsp;&nbsp;&nbsp;&nbsp;&nbsp;&nbsp;&nbsp;&nbsp;&nbsp;&nbsp;&nbsp;&nbsp;&nbsp;&nbsp;&nbsp;&nbsp;&nbsp;&nbsp;&nbsp;&nbsp;&nbsp;&nbsp;&nbsp;&nbsp;&nbsp;&nbsp;&nbsp;&nbsp;&nbsp;&nbsp;&nbsp;&nbsp;&nbsp;&nbsp;&nbsp;&nbsp;&nbsp;&nbsp;&nbsp;&nbsp;&nbsp;&nbsp;&nbsp;&nbsp; Pro Talentum K\u00f6zalap\u00edtv\u00e1ny Kurat\u00f3riuma<\/p>\n","protected":false},"excerpt":{"rendered":"<p>A Kunszentmikl\u00f3s V\u00e1rosi \u00d6nkorm\u00e1nyzata \u00e1ltal alap\u00edtott PRO&nbsp; TALENTUM&nbsp;&nbsp; K\u00d6ZALAP\u00cdTV\u00c1NY p\u00e1ly\u00e1zati felh\u00edv\u00e1sa Az Alap\u00edtv\u00e1ny Kurat\u00f3riuma felh\u00edv\u00e1st tesz k\u00f6zz\u00e9, az al\u00e1bbi felt\u00e9telek szerint: 1.\/&nbsp;&nbsp; A p\u00e1ly\u00e1zat c\u00e9lja: &nbsp;&nbsp;&nbsp;&nbsp;&nbsp; F\u0151iskolai \u00e9s egyetemi tanulm\u00e1nyaikat folytat\u00f3, de valamilyen okn\u00e1l fogva h\u00e1tr\u00e1nyos k\u00f6r\u00fclm\u00e9nyek k\u00f6z\u00f6tt \u00e9l\u0151 tehets\u00e9ges tanul\u00f3k el\u0151menetel\u00e9nek seg\u00edt\u00e9se, iskol\u00e1ztat\u00e1suk anyagi felt\u00e9teleinek t\u00e1mogat\u00e1sa, a sz\u00fcl\u0151k anyagi terhei egy r\u00e9sz\u00e9nek \u00e1tv\u00e1llal\u00e1sa. &nbsp;&nbsp;&nbsp;&nbsp;&nbsp; <a class=\"read-more\" href=\"https:\/\/vdamk.hu\/?p=2279\">Read More<\/a><\/p>\n","protected":false},"author":1,"featured_media":2280,"comment_status":"closed","ping_status":"closed","sticky":false,"template":"","format":"standard","meta":{"footnotes":""},"categories":[1],"tags":[],"_links":{"self":[{"href":"https:\/\/vdamk.hu\/index.php?rest_route=\/wp\/v2\/posts\/2279"}],"collection":[{"href":"https:\/\/vdamk.hu\/index.php?rest_route=\/wp\/v2\/posts"}],"about":[{"href":"https:\/\/vdamk.hu\/index.php?rest_route=\/wp\/v2\/types\/post"}],"author":[{"embeddable":true,"href":"https:\/\/vdamk.hu\/index.php?rest_route=\/wp\/v2\/users\/1"}],"replies":[{"embeddable":true,"href":"https:\/\/vdamk.hu\/index.php?rest_route=%2Fwp%2Fv2%2Fcomments&post=2279"}],"version-history":[{"count":1,"href":"https:\/\/vdamk.hu\/index.php?rest_route=\/wp\/v2\/posts\/2279\/revisions"}],"predecessor-version":[{"id":2281,"href":"https:\/\/vdamk.hu\/index.php?rest_route=\/wp\/v2\/posts\/2279\/revisions\/2281"}],"wp:featuredmedia":[{"embeddable":true,"href":"https:\/\/vdamk.hu\/index.php?rest_route=\/wp\/v2\/media\/2280"}],"wp:attachment":[{"href":"https:\/\/vdamk.hu\/index.php?rest_route=%2Fwp%2Fv2%2Fmedia&parent=2279"}],"wp:term":[{"taxonomy":"category","embeddable":true,"href":"https:\/\/vdamk.hu\/index.php?rest_route=%2Fwp%2Fv2%2Fcategories&post=2279"},{"taxonomy":"post_tag","embeddable":true,"href":"https:\/\/vdamk.hu\/index.php?rest_route=%2Fwp%2Fv2%2Ftags&post=2279"}],"curies":[{"name":"wp","href":"https:\/\/api.w.org\/{rel}","templated":true}]}}