{"id":2235,"date":"2019-10-22T13:47:54","date_gmt":"2019-10-22T13:47:54","guid":{"rendered":"http:\/\/vdamk.hu\/?p=2235"},"modified":"2019-10-29T13:51:31","modified_gmt":"2019-10-29T13:51:31","slug":"helyi-arcok-forgo-lorant","status":"publish","type":"post","link":"https:\/\/vdamk.hu\/?p=2235","title":{"rendered":"Helyi arcok &#8211; Forg\u00f3 L\u00f3r\u00e1nt"},"content":{"rendered":"\n<p>M\u00e9g szinte friss a nyomdafest\u00e9k azon az oklev\u00e9len, melyet egy k\u00f6zelm\u00faltbeli k\u00e9pz\u0151m\u0171v\u00e9szeti p\u00e1ly\u00e1zaton nyert el. Testnevel\u00e9s \u00f3r\u00e1i megtart\u00e1sa ut\u00e1n t\u00f6bb \u00e9vtizede ecsetet ragad \u00e9s pap\u00edrra veti \u00e9rz\u00e9seit, gondolatait. Forg\u00f3 L\u00f3r\u00e1nt Kunszentmikl\u00f3s b\u00fcszkes\u00e9ge, aki 100-n\u00e1l is t\u00f6bb festm\u00e9nyt alkotott m\u00e1r eddig. A megyei \u00f6nkorm\u00e1nyzat Helyi Arcok programsorozat\u00e1nak k\u00f6vetkez\u0151 \u00e1llom\u00e1s\u00e1n vele besz\u00e9lget\u00fcnk, majd ezt k\u00f6vet\u0151en szabad alkot\u00e1sra is lehet\u0151s\u00e9g van. Sok szeretettel v\u00e1rjuk Kunszentmikl\u00f3son, okt\u00f3ber 25-\u00e9n, 17 \u00f3rakor a Varga Domokos \u00c1ltal\u00e1nos M\u0171vel\u0151d\u00e9si K\u00f6zpontban!\u00a0<\/p>\n\n\n\n<figure class=\"wp-block-image\"><img loading=\"lazy\" decoding=\"async\" width=\"611\" height=\"868\" src=\"https:\/\/vdamk.hu\/wp-content\/uploads\/2019\/10\/L\u00f3ri-plak\u00e1t.jpg\" alt=\"\" class=\"wp-image-2236\" srcset=\"https:\/\/vdamk.hu\/wp-content\/uploads\/2019\/10\/L\u00f3ri-plak\u00e1t.jpg 611w, https:\/\/vdamk.hu\/wp-content\/uploads\/2019\/10\/L\u00f3ri-plak\u00e1t-211x300.jpg 211w\" sizes=\"(max-width: 611px) 100vw, 611px\" \/><\/figure>\n","protected":false},"excerpt":{"rendered":"<p>M\u00e9g szinte friss a nyomdafest\u00e9k azon az oklev\u00e9len, melyet egy k\u00f6zelm\u00faltbeli k\u00e9pz\u0151m\u0171v\u00e9szeti p\u00e1ly\u00e1zaton nyert el. Testnevel\u00e9s \u00f3r\u00e1i megtart\u00e1sa ut\u00e1n t\u00f6bb \u00e9vtizede ecsetet ragad \u00e9s pap\u00edrra veti \u00e9rz\u00e9seit, gondolatait. Forg\u00f3 L\u00f3r\u00e1nt Kunszentmikl\u00f3s b\u00fcszkes\u00e9ge, aki 100-n\u00e1l is t\u00f6bb festm\u00e9nyt alkotott m\u00e1r eddig. A megyei \u00f6nkorm\u00e1nyzat Helyi Arcok programsorozat\u00e1nak k\u00f6vetkez\u0151 \u00e1llom\u00e1s\u00e1n vele besz\u00e9lget\u00fcnk, majd ezt k\u00f6vet\u0151en szabad alkot\u00e1sra <a class=\"read-more\" href=\"https:\/\/vdamk.hu\/?p=2235\">Read More<\/a><\/p>\n","protected":false},"author":1,"featured_media":2237,"comment_status":"closed","ping_status":"closed","sticky":false,"template":"","format":"standard","meta":{"footnotes":""},"categories":[1],"tags":[],"_links":{"self":[{"href":"https:\/\/vdamk.hu\/index.php?rest_route=\/wp\/v2\/posts\/2235"}],"collection":[{"href":"https:\/\/vdamk.hu\/index.php?rest_route=\/wp\/v2\/posts"}],"about":[{"href":"https:\/\/vdamk.hu\/index.php?rest_route=\/wp\/v2\/types\/post"}],"author":[{"embeddable":true,"href":"https:\/\/vdamk.hu\/index.php?rest_route=\/wp\/v2\/users\/1"}],"replies":[{"embeddable":true,"href":"https:\/\/vdamk.hu\/index.php?rest_route=%2Fwp%2Fv2%2Fcomments&post=2235"}],"version-history":[{"count":1,"href":"https:\/\/vdamk.hu\/index.php?rest_route=\/wp\/v2\/posts\/2235\/revisions"}],"predecessor-version":[{"id":2238,"href":"https:\/\/vdamk.hu\/index.php?rest_route=\/wp\/v2\/posts\/2235\/revisions\/2238"}],"wp:featuredmedia":[{"embeddable":true,"href":"https:\/\/vdamk.hu\/index.php?rest_route=\/wp\/v2\/media\/2237"}],"wp:attachment":[{"href":"https:\/\/vdamk.hu\/index.php?rest_route=%2Fwp%2Fv2%2Fmedia&parent=2235"}],"wp:term":[{"taxonomy":"category","embeddable":true,"href":"https:\/\/vdamk.hu\/index.php?rest_route=%2Fwp%2Fv2%2Fcategories&post=2235"},{"taxonomy":"post_tag","embeddable":true,"href":"https:\/\/vdamk.hu\/index.php?rest_route=%2Fwp%2Fv2%2Ftags&post=2235"}],"curies":[{"name":"wp","href":"https:\/\/api.w.org\/{rel}","templated":true}]}}