{"id":2150,"date":"2019-02-10T20:36:02","date_gmt":"2019-02-10T20:36:02","guid":{"rendered":"http:\/\/vdamk.hu\/?p=2150"},"modified":"2019-02-10T20:36:02","modified_gmt":"2019-02-10T20:36:02","slug":"helyi-arcok-toth-peter","status":"publish","type":"post","link":"https:\/\/vdamk.hu\/?p=2150","title":{"rendered":"Helyi arcok &#8211; T\u00f3th P\u00e9ter"},"content":{"rendered":"\n<p>Ki a h\u00edres versv\u00e1ndor?<br>Ha valakit hidegen hagynak a versek, az se hagyja abba az olvas\u00e1st. T\u00f3th P\u00e9ter L\u00f3r\u00e1nt el\u0151ad\u00e1s\u00e1nak meghallgat\u00e1sa ut\u00e1n ugyanis szinte bor\u00edt\u00e9kolhat\u00f3, hogy sz\u00edv\u00e9be fogja z\u00e1rni a rigmusokat. A kunszentmikl\u00f3si versv\u00e1ndor 10-11 \u00e9ves kora \u00f3ta mond verseket, s 10 \u00e9ve f\u00e1radhatatlanul j\u00e1rja az orsz\u00e1got \u00e9s a hat\u00e1ron t\u00fali magyar ter\u00fcleteket rendhagy\u00f3 irodalom \u00e9s t\u00f6rt\u00e9nelem el\u0151ad\u00e1saival. Ez\u00fattal azonban nem verselni h\u00edvjuk, besz\u00e9lget\u0151 est\u00fcnk reflektorf\u00e9ny\u00e9be els\u0151sorban maga T\u00f3th P\u00e9ter, az ember ker\u00fcl. \u00c9rdekesnek \u00e9s \u00e9rt\u00e9kesnek \u00edg\u00e9rkez\u0151 rendezv\u00e9ny\u00fcnkre sok szeretettel v\u00e1rjuk \u00d6nt is!<\/p>\n\n\n\n<p><br><strong>Id\u0151pont: 2019. febru\u00e1r 13. 18.00 \u00f3ra.<br>Helysz\u00edn: Varga Domokos \u00c1ltal\u00e1nos M\u0171vel\u0151d\u00e9si K\u00f6zpont, 6090 Kunszentmikl\u00f3s, Damjanich u. 7.<\/strong><\/p>\n\n\n\n<p><br>A r\u00e9szv\u00e9tel ingyenes! <\/p>\n","protected":false},"excerpt":{"rendered":"<p>Ki a h\u00edres versv\u00e1ndor?Ha valakit hidegen hagynak a versek, az se hagyja abba az olvas\u00e1st. T\u00f3th P\u00e9ter L\u00f3r\u00e1nt el\u0151ad\u00e1s\u00e1nak meghallgat\u00e1sa ut\u00e1n ugyanis szinte bor\u00edt\u00e9kolhat\u00f3, hogy sz\u00edv\u00e9be fogja z\u00e1rni a rigmusokat. A kunszentmikl\u00f3si versv\u00e1ndor 10-11 \u00e9ves kora \u00f3ta mond verseket, s 10 \u00e9ve f\u00e1radhatatlanul j\u00e1rja az orsz\u00e1got \u00e9s a hat\u00e1ron t\u00fali magyar ter\u00fcleteket rendhagy\u00f3 irodalom \u00e9s <a class=\"read-more\" href=\"https:\/\/vdamk.hu\/?p=2150\">Read More<\/a><\/p>\n","protected":false},"author":1,"featured_media":2151,"comment_status":"closed","ping_status":"closed","sticky":false,"template":"","format":"standard","meta":{"footnotes":""},"categories":[1],"tags":[],"_links":{"self":[{"href":"https:\/\/vdamk.hu\/index.php?rest_route=\/wp\/v2\/posts\/2150"}],"collection":[{"href":"https:\/\/vdamk.hu\/index.php?rest_route=\/wp\/v2\/posts"}],"about":[{"href":"https:\/\/vdamk.hu\/index.php?rest_route=\/wp\/v2\/types\/post"}],"author":[{"embeddable":true,"href":"https:\/\/vdamk.hu\/index.php?rest_route=\/wp\/v2\/users\/1"}],"replies":[{"embeddable":true,"href":"https:\/\/vdamk.hu\/index.php?rest_route=%2Fwp%2Fv2%2Fcomments&post=2150"}],"version-history":[{"count":1,"href":"https:\/\/vdamk.hu\/index.php?rest_route=\/wp\/v2\/posts\/2150\/revisions"}],"predecessor-version":[{"id":2152,"href":"https:\/\/vdamk.hu\/index.php?rest_route=\/wp\/v2\/posts\/2150\/revisions\/2152"}],"wp:featuredmedia":[{"embeddable":true,"href":"https:\/\/vdamk.hu\/index.php?rest_route=\/wp\/v2\/media\/2151"}],"wp:attachment":[{"href":"https:\/\/vdamk.hu\/index.php?rest_route=%2Fwp%2Fv2%2Fmedia&parent=2150"}],"wp:term":[{"taxonomy":"category","embeddable":true,"href":"https:\/\/vdamk.hu\/index.php?rest_route=%2Fwp%2Fv2%2Fcategories&post=2150"},{"taxonomy":"post_tag","embeddable":true,"href":"https:\/\/vdamk.hu\/index.php?rest_route=%2Fwp%2Fv2%2Ftags&post=2150"}],"curies":[{"name":"wp","href":"https:\/\/api.w.org\/{rel}","templated":true}]}}