{"id":2147,"date":"2019-02-10T20:32:51","date_gmt":"2019-02-10T20:32:51","guid":{"rendered":"http:\/\/vdamk.hu\/?p=2147"},"modified":"2019-02-10T20:32:51","modified_gmt":"2019-02-10T20:32:51","slug":"nepali-est","status":"publish","type":"post","link":"https:\/\/vdamk.hu\/?p=2147","title":{"rendered":"Nep\u00e1li est"},"content":{"rendered":"\n<p>\n\nMEGH\u00cdV\u00d3<\/p>\n\n\n\n<p>Szeretettel megh\u00edvunk minden kedves \u00e9rdekl\u0151d\u0151t <br>a Visszat\u00e9r\u00e9s az \u0151seinkhez el\u0151ad\u00e1ssorozat \u00fajabb rendezv\u00e9ny\u00e9re!<\/p>\n\n\n\n<p>Nep\u00e1li est!<br>Vend\u00e9g\u00fcnk lesz Bar\u00e1t Istv\u00e1n Zsolt<br>\u0151stud\u00e1skutat\u00f3, \u00e9nekes, zen\u00e9sz, dalszerz\u0151, k\u00f6lt\u0151, \u00edr\u00f3, publicista.<\/p>\n\n\n\n<p>A rendezv\u00e9ny id\u0151pontja:<br>2019. febru\u00e1r 21. 18 \u00f3ra<br>Helysz\u00edn: Varga Domokos \u00c1MK k\u00f6nyvt\u00e1ra<br>Kunszentmikl\u00f3s!<\/p>\n\n\n\n<p>A bel\u00e9p\u00e9s d\u00edjtalan!\n\n<\/p>\n","protected":false},"excerpt":{"rendered":"<p>MEGH\u00cdV\u00d3 Szeretettel megh\u00edvunk minden kedves \u00e9rdekl\u0151d\u0151t a Visszat\u00e9r\u00e9s az \u0151seinkhez el\u0151ad\u00e1ssorozat \u00fajabb rendezv\u00e9ny\u00e9re! Nep\u00e1li est!Vend\u00e9g\u00fcnk lesz Bar\u00e1t Istv\u00e1n Zsolt\u0151stud\u00e1skutat\u00f3, \u00e9nekes, zen\u00e9sz, dalszerz\u0151, k\u00f6lt\u0151, \u00edr\u00f3, publicista. A rendezv\u00e9ny id\u0151pontja:2019. febru\u00e1r 21. 18 \u00f3raHelysz\u00edn: Varga Domokos \u00c1MK k\u00f6nyvt\u00e1raKunszentmikl\u00f3s! A bel\u00e9p\u00e9s d\u00edjtalan!<\/p>\n","protected":false},"author":1,"featured_media":2148,"comment_status":"closed","ping_status":"closed","sticky":false,"template":"","format":"standard","meta":{"footnotes":""},"categories":[1],"tags":[],"_links":{"self":[{"href":"https:\/\/vdamk.hu\/index.php?rest_route=\/wp\/v2\/posts\/2147"}],"collection":[{"href":"https:\/\/vdamk.hu\/index.php?rest_route=\/wp\/v2\/posts"}],"about":[{"href":"https:\/\/vdamk.hu\/index.php?rest_route=\/wp\/v2\/types\/post"}],"author":[{"embeddable":true,"href":"https:\/\/vdamk.hu\/index.php?rest_route=\/wp\/v2\/users\/1"}],"replies":[{"embeddable":true,"href":"https:\/\/vdamk.hu\/index.php?rest_route=%2Fwp%2Fv2%2Fcomments&post=2147"}],"version-history":[{"count":1,"href":"https:\/\/vdamk.hu\/index.php?rest_route=\/wp\/v2\/posts\/2147\/revisions"}],"predecessor-version":[{"id":2149,"href":"https:\/\/vdamk.hu\/index.php?rest_route=\/wp\/v2\/posts\/2147\/revisions\/2149"}],"wp:featuredmedia":[{"embeddable":true,"href":"https:\/\/vdamk.hu\/index.php?rest_route=\/wp\/v2\/media\/2148"}],"wp:attachment":[{"href":"https:\/\/vdamk.hu\/index.php?rest_route=%2Fwp%2Fv2%2Fmedia&parent=2147"}],"wp:term":[{"taxonomy":"category","embeddable":true,"href":"https:\/\/vdamk.hu\/index.php?rest_route=%2Fwp%2Fv2%2Fcategories&post=2147"},{"taxonomy":"post_tag","embeddable":true,"href":"https:\/\/vdamk.hu\/index.php?rest_route=%2Fwp%2Fv2%2Ftags&post=2147"}],"curies":[{"name":"wp","href":"https:\/\/api.w.org\/{rel}","templated":true}]}}