{"id":2032,"date":"2018-02-01T11:51:57","date_gmt":"2018-02-01T11:51:57","guid":{"rendered":"http:\/\/vdamk.hu\/?p=2032"},"modified":"2018-03-29T11:57:01","modified_gmt":"2018-03-29T11:57:01","slug":"2032","status":"publish","type":"post","link":"https:\/\/vdamk.hu\/?p=2032","title":{"rendered":"Mesemond\u00f3 verseny"},"content":{"rendered":"<p>\u00d6r\u00f6mmel adjuk h\u00edr\u00fcl, hogy 2018-ban \u00fajra kit\u00e1rul Meseorsz\u00e1g kapuja! Meseorsz\u00e1g Kir\u00e1lya ebben az \u00e9vben is felh\u00edv\u00e1st tett k\u00f6zz\u00e9, melynek \u00e9rtelm\u00e9ben a leg\u00fcgyesebb mesemond\u00f3k megm\u00e9rettetik magukat, hogy bebocs\u00e1t\u00e1st nyerjenek Meseorsz\u00e1gba.<\/p>\n<p><strong>A v\u00e1lasztott mese ebben az \u00e9vben sem lehet m\u00e1s, csak magyar n\u00e9pmese, amely most se lehet hosszabb 5 percn\u00e9l.<\/strong><\/p>\n<p>A megyei tal\u00e1lkoz\u00f3ra 2018. febru\u00e1r 17-\u00e9n (szombat) ker\u00fcl sor Kecskem\u00e9ten, a Katona J\u00f3zsef Megyei K\u00f6nyvt\u00e1rban.<\/p>\n<p>A k\u00f6rzeti fordul\u00f3 lebonyol\u00edt\u00e1s\u00e1ra K\u00f6nyvt\u00e1runkban (Varga Domokos \u00c1MK K\u00f6nyvt\u00e1ra) ker\u00fcl sor. A verseny id\u0151pontja (als\u00f3-\u00e9s fels\u0151 tagozatosoknak egyar\u00e1nt):<\/p>\n<p><strong>2018.<\/strong>\u00a0<strong style=\"font-size: 13px;\">febru\u00e1r 14. (szerda) du. 14.00 \u00f3ra<\/strong><\/p>\n<p>K\u00e9rj\u00fck, hogy az iskol\u00e1jukb\u00f3l tov\u00e1bbjut\u00f3 gyerekek neveit legyenek sz\u00edvesek a fenti c\u00edm\u00fcnkre megk\u00fcldeni:<\/p>\n<p>Als\u00f3 tagozat: 4 f\u0151<\/p>\n<p>Fels\u0151 tagozat: 4 f\u0151<\/p>\n<p><strong>Jelentkez\u00e9si hat\u00e1rid\u0151: 2018. febru\u00e1r 12. (h\u00e9tf\u0151)<\/strong><\/p>\n<p>Seg\u00edts\u00e9g\u00fcket \u00e9s munk\u00e1jukat el\u0151re is k\u00f6sz\u00f6nj\u00fck, \u00e9s szeretettel v\u00e1rjuk a tov\u00e1bbjut\u00f3 gyerekeket \u00e9s k\u00eds\u00e9r\u0151iket<\/p>\n","protected":false},"excerpt":{"rendered":"<p>\u00d6r\u00f6mmel adjuk h\u00edr\u00fcl, hogy 2018-ban \u00fajra kit\u00e1rul Meseorsz\u00e1g kapuja! Meseorsz\u00e1g Kir\u00e1lya ebben az \u00e9vben is felh\u00edv\u00e1st tett k\u00f6zz\u00e9, melynek \u00e9rtelm\u00e9ben a leg\u00fcgyesebb mesemond\u00f3k megm\u00e9rettetik magukat, hogy bebocs\u00e1t\u00e1st nyerjenek Meseorsz\u00e1gba. A v\u00e1lasztott mese ebben az \u00e9vben sem lehet m\u00e1s, csak magyar n\u00e9pmese, amely most se lehet hosszabb 5 percn\u00e9l. A megyei tal\u00e1lkoz\u00f3ra 2018. febru\u00e1r 17-\u00e9n (szombat) <a class=\"read-more\" href=\"https:\/\/vdamk.hu\/?p=2032\">Read More<\/a><\/p>\n","protected":false},"author":1,"featured_media":0,"comment_status":"closed","ping_status":"closed","sticky":false,"template":"","format":"standard","meta":{"footnotes":""},"categories":[3],"tags":[],"_links":{"self":[{"href":"https:\/\/vdamk.hu\/index.php?rest_route=\/wp\/v2\/posts\/2032"}],"collection":[{"href":"https:\/\/vdamk.hu\/index.php?rest_route=\/wp\/v2\/posts"}],"about":[{"href":"https:\/\/vdamk.hu\/index.php?rest_route=\/wp\/v2\/types\/post"}],"author":[{"embeddable":true,"href":"https:\/\/vdamk.hu\/index.php?rest_route=\/wp\/v2\/users\/1"}],"replies":[{"embeddable":true,"href":"https:\/\/vdamk.hu\/index.php?rest_route=%2Fwp%2Fv2%2Fcomments&post=2032"}],"version-history":[{"count":2,"href":"https:\/\/vdamk.hu\/index.php?rest_route=\/wp\/v2\/posts\/2032\/revisions"}],"predecessor-version":[{"id":2034,"href":"https:\/\/vdamk.hu\/index.php?rest_route=\/wp\/v2\/posts\/2032\/revisions\/2034"}],"wp:attachment":[{"href":"https:\/\/vdamk.hu\/index.php?rest_route=%2Fwp%2Fv2%2Fmedia&parent=2032"}],"wp:term":[{"taxonomy":"category","embeddable":true,"href":"https:\/\/vdamk.hu\/index.php?rest_route=%2Fwp%2Fv2%2Fcategories&post=2032"},{"taxonomy":"post_tag","embeddable":true,"href":"https:\/\/vdamk.hu\/index.php?rest_route=%2Fwp%2Fv2%2Ftags&post=2032"}],"curies":[{"name":"wp","href":"https:\/\/api.w.org\/{rel}","templated":true}]}}