{"id":1536,"date":"2016-02-17T10:33:27","date_gmt":"2016-02-17T10:33:27","guid":{"rendered":"http:\/\/vdamk.hu\/?p=1536"},"modified":"2016-02-17T10:33:27","modified_gmt":"2016-02-17T10:33:27","slug":"korzeti-mesemondo-verseny-2016","status":"publish","type":"post","link":"https:\/\/vdamk.hu\/?p=1536","title":{"rendered":"K\u00f6rzeti mesemond\u00f3 verseny 2016."},"content":{"rendered":"<p style=\"text-align: justify;\">Meseorsz\u00e1g ebben az \u00e9vben is kinyitotta kapuit. Meseorsz\u00e1g Kir\u00e1ly\u00e1nak a felh\u00edv\u00e1s\u00e1ra \u00fajra \u00fatra keltek a gyerekek. Sok sz\u00e9p, \u00a0hangulatos t\u00f6rt\u00e9nettel\u00a0\u00f6rvendeztett\u00e9k meg\u00a0Meseorsz\u00e1g lak\u00f3it. A k\u00f6rzeti megm\u00e9rettet\u00e9sre a kunszentmikl\u00f3si Varga Domokos \u00c1MK K\u00f6nyvt\u00e1r\u00e1ban ker\u00fclt sor.\u00a0A mesemond\u00f3 gyerekek megyei tal\u00e1lkoz\u00f3ja 2016.febru\u00e1r 20-\u00e1n ( szombaton) 9.00 \u00f3rakor\u00a0\u00a0Kecskem\u00e9ten, a Katona J\u00f3zsef Megyei K\u00f6nyvt\u00e1rban lesz.\u00a0A megyei tal\u00e1lkoz\u00f3ra 1 als\u00f3 tagozatos \u00e9s 1 fels\u0151 tagozatos tanul\u00f3 jutott tov\u00e1bb.<\/p>\n<p><strong>Helyezettek:<\/strong><\/p>\n<p><strong>1-2. oszt\u00e1ly:<\/strong><\/p>\n<ol>\n<li>Farag\u00f3-Sz\u00e9kely Attila (Tass),\u00a0T\u00f3th Ad\u00e9l (Tass)<\/li>\n<li>Varga Anna (VDAMI &#8211; Kunszentmikl\u00f3s),\u00a0Juh\u00e1sz Luca (Baksay &#8211; Kunszentmikl\u00f3s),\u00a0Varga Tam\u00e1s (Baksay &#8211; Kunszentmikl\u00f3s)<\/li>\n<li>Forg\u00f3 Bal\u00e1zs (VDAMI &#8211; Kunszentmikl\u00f3s)<\/li>\n<li>Balogh Petra (VDAMI &#8211; Kunszentmikl\u00f3s)<\/li>\n<li>Farkas Izabell (VDAMI &#8211; Kunszentmikl\u00f3s)<\/li>\n<\/ol>\n<p><strong>3-4. oszt\u00e1ly<\/strong><\/p>\n<ol>\n<li>Mizsei Molli (Baksay &#8211; Kunszentmikl\u00f3s)<\/li>\n<li>Kov\u00e1cs S\u00e1ndor (VDAMI &#8211; Kunszentmikl\u00f3s)<\/li>\n<li>Erd\u0151s Helga (Baksay),\u00a0B\u00e1lint Panna (Tass)<\/li>\n<li>Lit\u00f3czki Kata (VDAMI &#8211; Kunszentmikl\u00f3s)<\/li>\n<li>Szigetf\u0171 \u00c1d\u00e1m (VDAMI &#8211; Kunszentmikl\u00f3s),\u00a0Devecseri Nikolett (VDAMI &#8211; Kunszentmikl\u00f3s)<\/li>\n<li>Kiss M\u00e1t\u00e9 (Kunadacs),\u00a0Farkas Fruzsina (VDAMI &#8211; Kunszentmikl\u00f3s)<\/li>\n<\/ol>\n<p><strong>Fels\u0151 tagozat<\/strong><\/p>\n<ol>\n<li>Ag\u00e1rdi Laura (Tass)<\/li>\n<li>M\u00e1day Zsombor (Baksay &#8211; Kunszentmikl\u00f3s),\u00a0B\u00e1bel Dorina (Tass)<\/li>\n<li>Lengyel Vanda (Tass),\u00a0Hars\u00e1nyi Anna (Baksay)<\/li>\n<\/ol>\n<p>&nbsp;<\/p>\n<p>Az als\u00f3 tagozatos mesemond\u00f3kat <strong>MIZSEI MOLLI\u00a0<\/strong>(Baksay S\u00e1ndor Reform\u00e1tus Gimn\u00e1zium \u00e9s \u00c1ltal\u00e1nos Iskola\u00a0&#8211; Kunszentmikl\u00f3s),\u00a0a fels\u0151 tagozatos mesemond\u00f3kat <strong>AG\u00c1RDI LAURA <\/strong>(F\u00f6ldv\u00e1ry G\u00e1bor K\u00e9t Tan\u00edt\u00e1si Nyelv\u0171 \u00c1ltal\u00e1nos Iskola &#8211; Tass) k\u00e9pviseli a megyei mesemond\u00f3 tal\u00e1lkoz\u00f3n.<\/p>\n<p>[slideshow_deploy id=&#8217;1473&#8242;]<\/p>\n","protected":false},"excerpt":{"rendered":"<p>Meseorsz\u00e1g ebben az \u00e9vben is kinyitotta kapuit. Meseorsz\u00e1g Kir\u00e1ly\u00e1nak a felh\u00edv\u00e1s\u00e1ra \u00fajra \u00fatra keltek a gyerekek. Sok sz\u00e9p, \u00a0hangulatos t\u00f6rt\u00e9nettel\u00a0\u00f6rvendeztett\u00e9k meg\u00a0Meseorsz\u00e1g lak\u00f3it. A k\u00f6rzeti megm\u00e9rettet\u00e9sre a kunszentmikl\u00f3si Varga Domokos \u00c1MK K\u00f6nyvt\u00e1r\u00e1ban ker\u00fclt sor.\u00a0A mesemond\u00f3 gyerekek megyei tal\u00e1lkoz\u00f3ja 2016.febru\u00e1r 20-\u00e1n ( szombaton) 9.00 \u00f3rakor\u00a0\u00a0Kecskem\u00e9ten, a Katona J\u00f3zsef Megyei K\u00f6nyvt\u00e1rban lesz.\u00a0A megyei tal\u00e1lkoz\u00f3ra 1 als\u00f3 tagozatos \u00e9s <a class=\"read-more\" href=\"https:\/\/vdamk.hu\/?p=1536\">Read More<\/a><\/p>\n","protected":false},"author":1,"featured_media":1537,"comment_status":"closed","ping_status":"closed","sticky":false,"template":"","format":"standard","meta":{"footnotes":""},"categories":[3],"tags":[],"_links":{"self":[{"href":"https:\/\/vdamk.hu\/index.php?rest_route=\/wp\/v2\/posts\/1536"}],"collection":[{"href":"https:\/\/vdamk.hu\/index.php?rest_route=\/wp\/v2\/posts"}],"about":[{"href":"https:\/\/vdamk.hu\/index.php?rest_route=\/wp\/v2\/types\/post"}],"author":[{"embeddable":true,"href":"https:\/\/vdamk.hu\/index.php?rest_route=\/wp\/v2\/users\/1"}],"replies":[{"embeddable":true,"href":"https:\/\/vdamk.hu\/index.php?rest_route=%2Fwp%2Fv2%2Fcomments&post=1536"}],"version-history":[{"count":1,"href":"https:\/\/vdamk.hu\/index.php?rest_route=\/wp\/v2\/posts\/1536\/revisions"}],"predecessor-version":[{"id":1538,"href":"https:\/\/vdamk.hu\/index.php?rest_route=\/wp\/v2\/posts\/1536\/revisions\/1538"}],"wp:featuredmedia":[{"embeddable":true,"href":"https:\/\/vdamk.hu\/index.php?rest_route=\/wp\/v2\/media\/1537"}],"wp:attachment":[{"href":"https:\/\/vdamk.hu\/index.php?rest_route=%2Fwp%2Fv2%2Fmedia&parent=1536"}],"wp:term":[{"taxonomy":"category","embeddable":true,"href":"https:\/\/vdamk.hu\/index.php?rest_route=%2Fwp%2Fv2%2Fcategories&post=1536"},{"taxonomy":"post_tag","embeddable":true,"href":"https:\/\/vdamk.hu\/index.php?rest_route=%2Fwp%2Fv2%2Ftags&post=1536"}],"curies":[{"name":"wp","href":"https:\/\/api.w.org\/{rel}","templated":true}]}}