{"id":1459,"date":"2016-02-12T11:36:35","date_gmt":"2016-02-12T11:36:35","guid":{"rendered":"http:\/\/vdamk.hu\/?p=1459"},"modified":"2016-02-12T11:36:46","modified_gmt":"2016-02-12T11:36:46","slug":"beszamolo-szep-magyar-beszed-verseny","status":"publish","type":"post","link":"https:\/\/vdamk.hu\/?p=1459","title":{"rendered":"Besz\u00e1mol\u00f3 &#8211; Sz\u00e9p magyar besz\u00e9d verseny"},"content":{"rendered":"<p>K\u00f6nyvt\u00e1runkban 2016. febru\u00e1r 11-\u00e9n ker\u00fclt sor\u00a0 az \u00e1ltal\u00e1nos iskol\u00e1k 5-6. \u00e9s 7-8. oszt\u00e1lyai sz\u00e1m\u00e1ra szervezett SZ\u00c9P MAGYAR BESZ\u00c9D VERSENYRE. A megm\u00e9rettet\u00e9sre a helyi \u00e9s \u00a0a k\u00f6rnyez\u0151 telep\u00fcl\u00e9sek\u00a0iskol\u00e1ib\u00f3l \u00e9rkeztek a legszebben olvas\u00f3 tanul\u00f3k.<\/p>\n<p><strong>Helyezettek:<\/strong><\/p>\n<p><strong>5-6. oszt\u00e1ly<\/strong><\/p>\n<ol>\n<li>Duda D\u00e1niel 5. o. Pet\u0151fi S\u00e1ndor \u00c1ltal\u00e1nos Iskola (Dunavecse) \/<\/li>\n<\/ol>\n<p>\/Felk\u00e9sz\u00edt\u0151: Pall\u00e1s Enik\u0151\/<\/p>\n<ol start=\"2\">\n<li>Hars\u00e1nyi Anna 5. o. Baksay S\u00e1ndor Reform\u00e1tus Gimn\u00e1zium (Kunszentmikl\u00f3s)<\/li>\n<\/ol>\n<p>\/Felk\u00e9sz\u00edt\u0151: Vida Istv\u00e1nn\u00e9\/<\/p>\n<ol start=\"3\">\n<li>B\u00e1bel Gr\u00e9ta 6. o.\u00a0 Baksay S\u00e1ndor Reform\u00e1tus Gimn\u00e1zium (Kunszentmikl\u00f3s)<\/li>\n<\/ol>\n<p>\/Felk\u00e9sz\u00edt\u0151: K\u00f3sa Csilla\/<\/p>\n<p>&nbsp;<\/p>\n<p><strong>7-8. oszt\u00e1ly:<\/strong><\/p>\n<ol>\n<li>B\u00e1bel Dorina 8. o. F\u00f6ldv\u00e1ry G\u00e1bor \u00c1ltal\u00e1nos Iskola (Tass)<\/li>\n<\/ol>\n<p>\/Felk\u00e9sz\u00edt\u0151: Mih\u00f3kn\u00e9 Vass Ildik\u00f3\/<\/p>\n<ol start=\"2\">\n<li>Botlik Vikt\u00f3ria 8. o. Nagy Lajos \u00c1ltal\u00e1nos Iskola (Apostag)<\/li>\n<\/ol>\n<p>\/Felk\u00e9sz\u00edt\u0151: Kov\u00e1csn\u00e9 V\u00e1szon M\u00e1ria\/<\/p>\n<ol start=\"3\">\n<li>V\u00e1rkonyi Petra 7. o.\u00a0 Baksay S\u00e1ndor Reform\u00e1tus Gimn\u00e1zium (Kunszentmikl\u00f3s)<\/li>\n<\/ol>\n<p>\/Felk\u00e9sz\u00edt\u0151: Derecskey Imr\u00e9n\u00e9\/<\/p>\n<p>&nbsp;<\/p>\n<p>A region\u00e1lis fordul\u00f3ban Kis\u00fajsz\u00e1ll\u00e1son a M\u00f3ricz Zsigmond Refrom\u00e1tus Koll\u00e9gium, Gimn\u00e1zium, Szakk\u00f6z\u00e9piskola \u00e9s \u00c1ltal\u00e1nos Iskol\u00e1ban<\/p>\n<p>&nbsp;<\/p>\n<p>B\u00e1bel Dorina k\u00e9pviseli k\u00f6rzet\u00fcnket.<\/p>\n<p>[slideshow_deploy id=&#8217;1439&#8242;]<\/p>\n","protected":false},"excerpt":{"rendered":"<p>K\u00f6nyvt\u00e1runkban 2016. febru\u00e1r 11-\u00e9n ker\u00fclt sor\u00a0 az \u00e1ltal\u00e1nos iskol\u00e1k 5-6. \u00e9s 7-8. oszt\u00e1lyai sz\u00e1m\u00e1ra szervezett SZ\u00c9P MAGYAR BESZ\u00c9D VERSENYRE. A megm\u00e9rettet\u00e9sre a helyi \u00e9s \u00a0a k\u00f6rnyez\u0151 telep\u00fcl\u00e9sek\u00a0iskol\u00e1ib\u00f3l \u00e9rkeztek a legszebben olvas\u00f3 tanul\u00f3k. Helyezettek: 5-6. oszt\u00e1ly Duda D\u00e1niel 5. o. Pet\u0151fi S\u00e1ndor \u00c1ltal\u00e1nos Iskola (Dunavecse) \/ \/Felk\u00e9sz\u00edt\u0151: Pall\u00e1s Enik\u0151\/ Hars\u00e1nyi Anna 5. o. Baksay S\u00e1ndor Reform\u00e1tus <a class=\"read-more\" href=\"https:\/\/vdamk.hu\/?p=1459\">Read More<\/a><\/p>\n","protected":false},"author":1,"featured_media":1458,"comment_status":"closed","ping_status":"closed","sticky":false,"template":"","format":"standard","meta":{"footnotes":""},"categories":[3],"tags":[],"_links":{"self":[{"href":"https:\/\/vdamk.hu\/index.php?rest_route=\/wp\/v2\/posts\/1459"}],"collection":[{"href":"https:\/\/vdamk.hu\/index.php?rest_route=\/wp\/v2\/posts"}],"about":[{"href":"https:\/\/vdamk.hu\/index.php?rest_route=\/wp\/v2\/types\/post"}],"author":[{"embeddable":true,"href":"https:\/\/vdamk.hu\/index.php?rest_route=\/wp\/v2\/users\/1"}],"replies":[{"embeddable":true,"href":"https:\/\/vdamk.hu\/index.php?rest_route=%2Fwp%2Fv2%2Fcomments&post=1459"}],"version-history":[{"count":1,"href":"https:\/\/vdamk.hu\/index.php?rest_route=\/wp\/v2\/posts\/1459\/revisions"}],"predecessor-version":[{"id":1460,"href":"https:\/\/vdamk.hu\/index.php?rest_route=\/wp\/v2\/posts\/1459\/revisions\/1460"}],"wp:featuredmedia":[{"embeddable":true,"href":"https:\/\/vdamk.hu\/index.php?rest_route=\/wp\/v2\/media\/1458"}],"wp:attachment":[{"href":"https:\/\/vdamk.hu\/index.php?rest_route=%2Fwp%2Fv2%2Fmedia&parent=1459"}],"wp:term":[{"taxonomy":"category","embeddable":true,"href":"https:\/\/vdamk.hu\/index.php?rest_route=%2Fwp%2Fv2%2Fcategories&post=1459"},{"taxonomy":"post_tag","embeddable":true,"href":"https:\/\/vdamk.hu\/index.php?rest_route=%2Fwp%2Fv2%2Ftags&post=1459"}],"curies":[{"name":"wp","href":"https:\/\/api.w.org\/{rel}","templated":true}]}}