{"id":1264,"date":"2015-11-23T11:07:24","date_gmt":"2015-11-23T11:07:24","guid":{"rendered":"http:\/\/vdamk.hu\/?p=1264"},"modified":"2015-11-23T11:08:59","modified_gmt":"2015-11-23T11:08:59","slug":"adventi-versunnep-a-karpataljai-csaladokert","status":"publish","type":"post","link":"https:\/\/vdamk.hu\/?p=1264","title":{"rendered":"Adventi Vers\u00fcnnep a k\u00e1rp\u00e1taljai csal\u00e1dok\u00e9rt"},"content":{"rendered":"<h4 style=\"text-align: center;\">A kunszentmikl\u00f3si <span style=\"color: #ff0000;\">ADVENTI VERS\u00dcNNEPHEZ<\/span> kapcsol\u00f3dva\u00a0gy\u0171jt\u00e9st szervez\u00fcnk a\u00a0k\u00e1rp\u00e1taljai iskol\u00e1s gyermekek \u00e9s csal\u00e1djaik megseg\u00edt\u00e9s\u00e9re.<\/h4>\n<h4 style=\"text-align: center;\">K\u00e9rj\u00fck, lehet\u0151s\u00e9geinkhez m\u00e9rten seg\u00edtsenek \u00d6n\u00f6k is!<\/h4>\n<h4 style=\"text-align: center;\">V\u00e1rjuk adom\u00e1nyaikat (haszn\u00e1lt, j\u00f3 \u00e1llapotban l\u00e9v\u0151 gyermekruh\u00e1kat, tart\u00f3s \u00e9lelmiszert).<\/h4>\n<h4 style=\"text-align: center;\">Adom\u00e1nyaikat a <span style=\"color: #ff0000;\">VARGA DOMOKOS \u00c1MK K\u00d6NYVT\u00c1R\u00c1BAN<\/span> helyzehetik el <span style=\"color: #ff0000;\">2015.\u00a0november 23. (h\u00e9tf\u0151) \u00e9s december 8. (kedd) k\u00f6z\u00f6tt<\/span>.<\/h4>\n<h4 style=\"text-align: center;\">Felaj\u00e1nl\u00e1saikat m\u00e9g kar\u00e1csony el\u0151tt szem\u00e9lyesen juttatjuk el K\u00e1rp\u00e1talj\u00e1ra!<\/h4>\n","protected":false},"excerpt":{"rendered":"<p>A kunszentmikl\u00f3si ADVENTI VERS\u00dcNNEPHEZ kapcsol\u00f3dva\u00a0gy\u0171jt\u00e9st szervez\u00fcnk a\u00a0k\u00e1rp\u00e1taljai iskol\u00e1s gyermekek \u00e9s csal\u00e1djaik megseg\u00edt\u00e9s\u00e9re. K\u00e9rj\u00fck, lehet\u0151s\u00e9geinkhez m\u00e9rten seg\u00edtsenek \u00d6n\u00f6k is! V\u00e1rjuk adom\u00e1nyaikat (haszn\u00e1lt, j\u00f3 \u00e1llapotban l\u00e9v\u0151 gyermekruh\u00e1kat, tart\u00f3s \u00e9lelmiszert). Adom\u00e1nyaikat a VARGA DOMOKOS \u00c1MK K\u00d6NYVT\u00c1R\u00c1BAN helyzehetik el 2015.\u00a0november 23. (h\u00e9tf\u0151) \u00e9s december 8. (kedd) k\u00f6z\u00f6tt. Felaj\u00e1nl\u00e1saikat m\u00e9g kar\u00e1csony el\u0151tt szem\u00e9lyesen juttatjuk el K\u00e1rp\u00e1talj\u00e1ra!<\/p>\n","protected":false},"author":1,"featured_media":1265,"comment_status":"closed","ping_status":"closed","sticky":false,"template":"","format":"standard","meta":{"footnotes":""},"categories":[3],"tags":[],"_links":{"self":[{"href":"https:\/\/vdamk.hu\/index.php?rest_route=\/wp\/v2\/posts\/1264"}],"collection":[{"href":"https:\/\/vdamk.hu\/index.php?rest_route=\/wp\/v2\/posts"}],"about":[{"href":"https:\/\/vdamk.hu\/index.php?rest_route=\/wp\/v2\/types\/post"}],"author":[{"embeddable":true,"href":"https:\/\/vdamk.hu\/index.php?rest_route=\/wp\/v2\/users\/1"}],"replies":[{"embeddable":true,"href":"https:\/\/vdamk.hu\/index.php?rest_route=%2Fwp%2Fv2%2Fcomments&post=1264"}],"version-history":[{"count":3,"href":"https:\/\/vdamk.hu\/index.php?rest_route=\/wp\/v2\/posts\/1264\/revisions"}],"predecessor-version":[{"id":1268,"href":"https:\/\/vdamk.hu\/index.php?rest_route=\/wp\/v2\/posts\/1264\/revisions\/1268"}],"wp:featuredmedia":[{"embeddable":true,"href":"https:\/\/vdamk.hu\/index.php?rest_route=\/wp\/v2\/media\/1265"}],"wp:attachment":[{"href":"https:\/\/vdamk.hu\/index.php?rest_route=%2Fwp%2Fv2%2Fmedia&parent=1264"}],"wp:term":[{"taxonomy":"category","embeddable":true,"href":"https:\/\/vdamk.hu\/index.php?rest_route=%2Fwp%2Fv2%2Fcategories&post=1264"},{"taxonomy":"post_tag","embeddable":true,"href":"https:\/\/vdamk.hu\/index.php?rest_route=%2Fwp%2Fv2%2Ftags&post=1264"}],"curies":[{"name":"wp","href":"https:\/\/api.w.org\/{rel}","templated":true}]}}