{"id":1196,"date":"2015-07-08T15:21:57","date_gmt":"2015-07-08T15:21:57","guid":{"rendered":"http:\/\/vdamk.hu\/?p=1196"},"modified":"2015-07-08T15:21:57","modified_gmt":"2015-07-08T15:21:57","slug":"meghivo-berta-tibor-az-idokod-ii-jezuspasszport-cimu-konyvenek-bemutatojara-es-filmvetitesre","status":"publish","type":"post","link":"https:\/\/vdamk.hu\/?p=1196","title":{"rendered":"MEGH\u00cdV\u00d3 &#8211; BERTA TIBOR: AZ ID\u0150K\u00d3D II. J\u00c9ZUSPASSZPORT c\u00edm\u0171 k\u00f6nyv\u00e9nek bemutat\u00f3j\u00e1ra \u00e9s filmvet\u00edt\u00e9sre"},"content":{"rendered":"<h4 style=\"text-align: center;\"><span style=\"color: #ff0000;\"><strong>MEGH\u00cdV\u00d3<\/strong><\/span><\/h4>\n<p style=\"text-align: center;\">Szeretettel h\u00edvunk \u00e9s v\u00e1runk minden kedves \u00e9rdekl\u0151d\u0151t<\/p>\n<p style=\"text-align: center;\"><span style=\"color: #ff0000;\">2015. j\u00falius 17-\u00e9n (p\u00e9ntek)<\/span><\/p>\n<p style=\"text-align: center;\"><span style=\"color: #ff0000;\">17.00 \u00f3r\u00e1ra<\/span><\/p>\n<p style=\"text-align: center;\"><span style=\"color: #ff0000;\">a kunszentmikl\u00f3si VD\u00c1MK K\u00f6nyvt\u00e1r\u00e1ba<\/span><\/p>\n<p style=\"text-align: center;\"><strong><span style=\"color: #ff0000;\">BERTA TIBOR: AZ ID\u0150K\u00d3D II. J\u00c9ZUSPASSZPORT<\/span><\/strong><\/p>\n<p style=\"text-align: center;\">c\u00edm\u0171 k\u00f6nyv\u00e9nek bemutat\u00f3j\u00e1ra \u00e9s filmvet\u00edt\u00e9sre<\/p>\n<p style=\"text-align: center;\"><a href=\"https:\/\/vdamk.hu\/wp-content\/uploads\/2015\/07\/J\u00e9zus-001.jpg\"><img loading=\"lazy\" decoding=\"async\" class=\"alignnone size-large wp-image-1197\" src=\"https:\/\/vdamk.hu\/wp-content\/uploads\/2015\/07\/J\u00e9zus-001-749x1024.jpg\" alt=\"J\u00e9zus 001\" width=\"598\" height=\"818\" srcset=\"https:\/\/vdamk.hu\/wp-content\/uploads\/2015\/07\/J\u00e9zus-001-749x1024.jpg 749w, https:\/\/vdamk.hu\/wp-content\/uploads\/2015\/07\/J\u00e9zus-001-219x300.jpg 219w\" sizes=\"(max-width: 598px) 100vw, 598px\" \/><\/a><\/p>\n<h4 style=\"text-align: center;\"><strong>Az id\u0151k\u00f3d II. &#8211; J\u00e9zuspasszport<\/strong><\/h4>\n<p style=\"text-align: justify;\">A Szent Korona megfejtett \u00fczenete<\/p>\n<p style=\"text-align: justify;\">Az id\u0151k\u00f3d II. &#8211; J\u00e9zuspasszport a Magyar Szent Korona egyik megfejtett \u00fczenete, olvasata. Emellett fontos tudni, hogy az \u00e9gi \u00fatlev\u00e9l elk\u00e9sz\u00edt\u00e9s\u00e9hez el\u0151bb egy \u00fatlev\u00e9l kibocs\u00e1t\u00f3 orsz\u00e1got kellett l\u00e9trehozni. El\u0151bb volt az orsz\u00e1g, azut\u00e1n a kinyilatkoztatott \u00fajsz\u00f6vets\u00e9gi t\u00f6rv\u00e9nyt\u00e1bla, a J\u00e9zuspasszport. Az orsz\u00e1g a 401-ben egyes\u00edtett Hun-szk\u00edta Birodalom volt, amely az 1200 \u00e9vig fenn\u00e1llt R\u00f3mai Birodalmat \u00f3ri\u00e1si hadj\u00e1ratokban megsemmis\u00edtette.<br \/>\nA r\u00f3mai cs\u00e1sz\u00e1rok az \u00dajsz\u00f6vets\u00e9g ellens\u00e9gei voltak a t\u00f6rt\u00e9nelem szerint. A hun-szk\u00edta n\u00e9pek szeretetvall\u00e1s\u00e1nak hirdet\u0151i, J\u00e9zus &#8211; \u00e9s tan\u00edtv\u00e1nyai mind a r\u00f3mai \u00fcld\u00f6ztet\u00e9s \u00e1ldozatai voltak. A Magyar Szent Korona apostolai az \u00dajsz\u00f6vets\u00e9g m\u00e1rt\u00edrjaik\u00e9nt az utols\u00f3 vacsora v\u00e9rszerz\u0151d\u00e9se ok\u00e1n, mint j\u00e9zusi igehirdet\u0151k szerepelnek a Koron\u00e1n.<br \/>\nA hun-szk\u00edta n\u00e9pek Tengri (\u00c9g isten) kultusza h\u00e1romezer \u00e9ve Zoroaszter vall\u00e1sak\u00e9nt ismert. Ez a kozmikus vall\u00e1s az embert kozmikus k\u00f6rnyezet\u00e9ben, a Naprendszerben helyezte el. Az emberek sors\u00e1t az \u00e1llat\u00f6vi csillagk\u00e9pekben mozg\u00f3 bolyg\u00f3k asztr\u00e1lis er\u0151i befoly\u00e1solj\u00e1k a f\u00f6ldi megtestes\u00fcl\u00e9s alatt, de a hal\u00e1l be\u00e1lltakor az embert m\u0171k\u00f6dtet\u0151 l\u00e9lek visszasz\u00e1ll az \u00c9gbe.<br \/>\nA csillag\u00e1szat az egyik alapnyelve az asztrol\u00f3gi\u00e1nak, \u00f3kori megfogalmaz\u00e1sban &#8211; a minden tudom\u00e1nyok egyes\u00edt\u0151j\u00e9nek. A Naprendszert alkot\u00f3 bolyg\u00f3k egym\u00e1sra hat\u00f3 er\u0151i, finomrezg\u00e9sei azok a t\u00e9nyez\u0151k, amelyek a f\u00f6ldi emberek sors\u00e1t, \u00e9let\u00e9t befoly\u00e1solni k\u00e9pesek. A Szent Korona k\u00f3dolt \u00fczenetei m\u00f6g\u00f6tt az emberi tud\u00e1st meghalad\u00f3 j\u00f6v\u0151be l\u00e1t\u00f3 k\u00e9pess\u00e9g van jelen. A Szent Korona \u00e1ltal meg\u00e9rintett szem\u00e9lyek a Koron\u00e1b\u00f3l kisug\u00e1rz\u00f3 m\u00e1gikus er\u0151t\u00e9rben \u00e9rzik meg a j\u00f6v\u0151t l\u00e1t\u00f3 isteni jelenl\u00e9tet. A Magyar Szent Korona, mint kozmikus vil\u00e1gmodell az \u00c9g \u00e9s F\u00f6ld egybeszerkesztett makettje. Az emberi testben az \u00e9gi eredet\u0171 l\u00e9lek tart\u00f3zkod\u00e1si hely\u00e9t jelzi a Korona, az isteni l\u00e9lek k\u00f6r\u00e9 tervezett alakj\u00e1val. A Szent Korona a teremt\u0151vel val\u00f3 kapcsolattart\u00e1s eszk\u00f6ze, nem sapka. Csak az \u00dajsz\u00f6vets\u00e9g kinyilatkoztatott ter\u00fclet\u00e9nek v\u00e1lasztott kir\u00e1lyait avatt\u00e1k be ebbe a titokba, a koron\u00e1z\u00e1si szertart\u00e1s alkalm\u00e1val. A Szent Korona ut\u00e1nzatai lettek a vil\u00e1g t\u00f6bbi koron\u00e1i, de m\u00e1gikus er\u0151 n\u00e9lk\u00fcl.<br \/>\nA tibeti papok tudtak a sz\u00edvcsakr\u00e1r\u00f3l. Azt is tudt\u00e1k, hogy a magyarok a kiv\u00e1lasztottak a Sz\u00edvcsakra \u0151rz\u00e9s\u00e9re. A Sz\u00edvcsakra azonban az eg\u00e9sz F\u00f6ld bolyg\u00f3 \u00e9rzelmi k\u00f6zpontja, \u00edgy h\u00e1t a Szent Korona tulajdonk\u00e9ppen a F\u00f6ld \u00e9rzelmi \u00e1llapot\u00e1nak m\u00e9r\u0151eszk\u00f6ze.<br \/>\nNem \u00e1llunk j\u00f3l a Szent Koron\u00e1val, mivel az utols\u00f3 500 \u00e9v a Szent Korona \u00e9s a hozz\u00e1tartoz\u00f3 \u00e9rzelmi k\u00f6zpont ter\u00fclet\u00e9nek, a K\u00e1rp\u00e1t-medenc\u00e9nek a t\u00f6nkret\u00e9tel\u00e9r\u0151l sz\u00f3l. A teremt\u00e9s elleni l\u00e1zad\u00e1s, a szents\u00e9gek &#8211; \u00edgy a Szent Korona k\u00e9peinek kicser\u00e9l\u00e9se nem maradt \u00e9szrev\u00e9tlen. Az \u00e9gi-f\u00f6ldi energi\u00e1k megv\u00e1ltoztak, ijeszt\u0151 m\u00e9rt\u00e9k\u0171 k\u00f6rnyezeti hat\u00e1sok \u00e9rik ma az emberis\u00e9get.<br \/>\nA Szent Korona \u00fczenetei a nagy v\u00e1ltoz\u00e1sok idej\u00e9t rejtik \u00e9vsz\u00e1mokban. A 2012-t\u0151l 2030-ig jelzett id\u0151k fogj\u00e1k megmutatni, hogy az Isten val\u00f3j\u00e1ban kivel is k\u00e9pzeli el a j\u00f6v\u0151t.<\/p>\n","protected":false},"excerpt":{"rendered":"<p>MEGH\u00cdV\u00d3 Szeretettel h\u00edvunk \u00e9s v\u00e1runk minden kedves \u00e9rdekl\u0151d\u0151t 2015. j\u00falius 17-\u00e9n (p\u00e9ntek) 17.00 \u00f3r\u00e1ra a kunszentmikl\u00f3si VD\u00c1MK K\u00f6nyvt\u00e1r\u00e1ba BERTA TIBOR: AZ ID\u0150K\u00d3D II. J\u00c9ZUSPASSZPORT c\u00edm\u0171 k\u00f6nyv\u00e9nek bemutat\u00f3j\u00e1ra \u00e9s filmvet\u00edt\u00e9sre Az id\u0151k\u00f3d II. &#8211; J\u00e9zuspasszport A Szent Korona megfejtett \u00fczenete Az id\u0151k\u00f3d II. &#8211; J\u00e9zuspasszport a Magyar Szent Korona egyik megfejtett \u00fczenete, olvasata. Emellett fontos tudni, <a class=\"read-more\" href=\"https:\/\/vdamk.hu\/?p=1196\">Read More<\/a><\/p>\n","protected":false},"author":1,"featured_media":1197,"comment_status":"closed","ping_status":"closed","sticky":false,"template":"","format":"standard","meta":{"footnotes":""},"categories":[3],"tags":[],"_links":{"self":[{"href":"https:\/\/vdamk.hu\/index.php?rest_route=\/wp\/v2\/posts\/1196"}],"collection":[{"href":"https:\/\/vdamk.hu\/index.php?rest_route=\/wp\/v2\/posts"}],"about":[{"href":"https:\/\/vdamk.hu\/index.php?rest_route=\/wp\/v2\/types\/post"}],"author":[{"embeddable":true,"href":"https:\/\/vdamk.hu\/index.php?rest_route=\/wp\/v2\/users\/1"}],"replies":[{"embeddable":true,"href":"https:\/\/vdamk.hu\/index.php?rest_route=%2Fwp%2Fv2%2Fcomments&post=1196"}],"version-history":[{"count":1,"href":"https:\/\/vdamk.hu\/index.php?rest_route=\/wp\/v2\/posts\/1196\/revisions"}],"predecessor-version":[{"id":1198,"href":"https:\/\/vdamk.hu\/index.php?rest_route=\/wp\/v2\/posts\/1196\/revisions\/1198"}],"wp:featuredmedia":[{"embeddable":true,"href":"https:\/\/vdamk.hu\/index.php?rest_route=\/wp\/v2\/media\/1197"}],"wp:attachment":[{"href":"https:\/\/vdamk.hu\/index.php?rest_route=%2Fwp%2Fv2%2Fmedia&parent=1196"}],"wp:term":[{"taxonomy":"category","embeddable":true,"href":"https:\/\/vdamk.hu\/index.php?rest_route=%2Fwp%2Fv2%2Fcategories&post=1196"},{"taxonomy":"post_tag","embeddable":true,"href":"https:\/\/vdamk.hu\/index.php?rest_route=%2Fwp%2Fv2%2Ftags&post=1196"}],"curies":[{"name":"wp","href":"https:\/\/api.w.org\/{rel}","templated":true}]}}