{"id":1103,"date":"2015-03-15T16:47:08","date_gmt":"2015-03-15T16:47:08","guid":{"rendered":"http:\/\/vdamk.hu\/?p=1103"},"modified":"2015-03-27T16:48:47","modified_gmt":"2015-03-27T16:48:47","slug":"marcius-15","status":"publish","type":"post","link":"https:\/\/vdamk.hu\/?p=1103","title":{"rendered":"M\u00e1rcius 15."},"content":{"rendered":"<p style=\"text-align: justify;\">M\u00e1rcius 14-15-\u00e9n megeml\u00e9kezt\u00fcnk az 1848\/49-es forradalom \u00e9vfordul\u00f3j\u00e1r\u00f3l. 14-\u00e9n este a f\u00e1kly\u00e1s felvonul\u00e1ssal indult az esem\u00e9nysorozat, majd m\u00e1snap a v\u00e1rosi \u00fcnneps\u00e9ggel folytat\u00f3dott.<\/p>\n<p style=\"text-align: justify;\"><a href=\"https:\/\/vdamk.hu\/wp-content\/uploads\/2015\/03\/marc.jpg\"><img loading=\"lazy\" decoding=\"async\" class=\"alignnone size-large wp-image-1104\" src=\"https:\/\/vdamk.hu\/wp-content\/uploads\/2015\/03\/marc-1024x576.jpg\" alt=\"marc\" width=\"598\" height=\"336\" srcset=\"https:\/\/vdamk.hu\/wp-content\/uploads\/2015\/03\/marc-1024x576.jpg 1024w, https:\/\/vdamk.hu\/wp-content\/uploads\/2015\/03\/marc-300x169.jpg 300w, https:\/\/vdamk.hu\/wp-content\/uploads\/2015\/03\/marc-642x362.jpg 642w, https:\/\/vdamk.hu\/wp-content\/uploads\/2015\/03\/marc-128x72.jpg 128w, https:\/\/vdamk.hu\/wp-content\/uploads\/2015\/03\/marc.jpg 1386w\" sizes=\"(max-width: 598px) 100vw, 598px\" \/><\/a> <a href=\"https:\/\/vdamk.hu\/wp-content\/uploads\/2015\/03\/marc2.jpg\"><img loading=\"lazy\" decoding=\"async\" class=\"alignnone size-large wp-image-1105\" src=\"https:\/\/vdamk.hu\/wp-content\/uploads\/2015\/03\/marc2-1024x576.jpg\" alt=\"marc2\" width=\"598\" height=\"336\" srcset=\"https:\/\/vdamk.hu\/wp-content\/uploads\/2015\/03\/marc2-1024x576.jpg 1024w, https:\/\/vdamk.hu\/wp-content\/uploads\/2015\/03\/marc2-300x169.jpg 300w, https:\/\/vdamk.hu\/wp-content\/uploads\/2015\/03\/marc2-642x362.jpg 642w, https:\/\/vdamk.hu\/wp-content\/uploads\/2015\/03\/marc2-128x72.jpg 128w, https:\/\/vdamk.hu\/wp-content\/uploads\/2015\/03\/marc2.jpg 1386w\" sizes=\"(max-width: 598px) 100vw, 598px\" \/><\/a> <a href=\"https:\/\/vdamk.hu\/wp-content\/uploads\/2015\/03\/marc3.jpg\"><img loading=\"lazy\" decoding=\"async\" class=\"alignnone size-large wp-image-1106\" src=\"https:\/\/vdamk.hu\/wp-content\/uploads\/2015\/03\/marc3-575x1024.jpg\" alt=\"marc3\" width=\"575\" height=\"1024\" srcset=\"https:\/\/vdamk.hu\/wp-content\/uploads\/2015\/03\/marc3-575x1024.jpg 575w, https:\/\/vdamk.hu\/wp-content\/uploads\/2015\/03\/marc3-169x300.jpg 169w, https:\/\/vdamk.hu\/wp-content\/uploads\/2015\/03\/marc3.jpg 1386w\" sizes=\"(max-width: 575px) 100vw, 575px\" \/><\/a><\/p>\n","protected":false},"excerpt":{"rendered":"<p>M\u00e1rcius 14-15-\u00e9n megeml\u00e9kezt\u00fcnk az 1848\/49-es forradalom \u00e9vfordul\u00f3j\u00e1r\u00f3l. 14-\u00e9n este a f\u00e1kly\u00e1s felvonul\u00e1ssal indult az esem\u00e9nysorozat, majd m\u00e1snap a v\u00e1rosi \u00fcnneps\u00e9ggel folytat\u00f3dott.<\/p>\n","protected":false},"author":1,"featured_media":1105,"comment_status":"closed","ping_status":"closed","sticky":false,"template":"","format":"standard","meta":{"footnotes":""},"categories":[3],"tags":[],"_links":{"self":[{"href":"https:\/\/vdamk.hu\/index.php?rest_route=\/wp\/v2\/posts\/1103"}],"collection":[{"href":"https:\/\/vdamk.hu\/index.php?rest_route=\/wp\/v2\/posts"}],"about":[{"href":"https:\/\/vdamk.hu\/index.php?rest_route=\/wp\/v2\/types\/post"}],"author":[{"embeddable":true,"href":"https:\/\/vdamk.hu\/index.php?rest_route=\/wp\/v2\/users\/1"}],"replies":[{"embeddable":true,"href":"https:\/\/vdamk.hu\/index.php?rest_route=%2Fwp%2Fv2%2Fcomments&post=1103"}],"version-history":[{"count":1,"href":"https:\/\/vdamk.hu\/index.php?rest_route=\/wp\/v2\/posts\/1103\/revisions"}],"predecessor-version":[{"id":1107,"href":"https:\/\/vdamk.hu\/index.php?rest_route=\/wp\/v2\/posts\/1103\/revisions\/1107"}],"wp:featuredmedia":[{"embeddable":true,"href":"https:\/\/vdamk.hu\/index.php?rest_route=\/wp\/v2\/media\/1105"}],"wp:attachment":[{"href":"https:\/\/vdamk.hu\/index.php?rest_route=%2Fwp%2Fv2%2Fmedia&parent=1103"}],"wp:term":[{"taxonomy":"category","embeddable":true,"href":"https:\/\/vdamk.hu\/index.php?rest_route=%2Fwp%2Fv2%2Fcategories&post=1103"},{"taxonomy":"post_tag","embeddable":true,"href":"https:\/\/vdamk.hu\/index.php?rest_route=%2Fwp%2Fv2%2Ftags&post=1103"}],"curies":[{"name":"wp","href":"https:\/\/api.w.org\/{rel}","templated":true}]}}