{"id":1088,"date":"2015-02-21T16:41:34","date_gmt":"2015-02-21T16:41:34","guid":{"rendered":"http:\/\/vdamk.hu\/?p=1088"},"modified":"2015-03-27T16:42:57","modified_gmt":"2015-03-27T16:42:57","slug":"katolikus-konferencia","status":"publish","type":"post","link":"https:\/\/vdamk.hu\/?p=1088","title":{"rendered":"Katolikus konferencia"},"content":{"rendered":"<p style=\"text-align: justify;\">A helyi Katolikus Egyh\u00e1z szervez\u00e9s\u00e9ben Ter\u00fcleti katolikus konferenci\u00e1t tartottak a Varga Domokos \u00c1MK-ban 2015. febru\u00e1r 21-\u00e9n a k\u00f6rny\u00e9k katolikus egyh\u00e1zainak k\u00e9pvisel\u0151i. Szervez\u0151k: Vangel Imre \u00e9s Szab\u00f3 J\u00f3zsef pl\u00e9b\u00e1nosok.<\/p>\n<p style=\"text-align: justify;\"><a href=\"https:\/\/vdamk.hu\/wp-content\/uploads\/2015\/03\/kat.jpg\"><img loading=\"lazy\" decoding=\"async\" class=\"alignnone size-large wp-image-1089\" src=\"https:\/\/vdamk.hu\/wp-content\/uploads\/2015\/03\/kat-1024x680.jpg\" alt=\"kat\" width=\"598\" height=\"397\" srcset=\"https:\/\/vdamk.hu\/wp-content\/uploads\/2015\/03\/kat-1024x680.jpg 1024w, https:\/\/vdamk.hu\/wp-content\/uploads\/2015\/03\/kat-300x199.jpg 300w, https:\/\/vdamk.hu\/wp-content\/uploads\/2015\/03\/kat.jpg 1386w\" sizes=\"(max-width: 598px) 100vw, 598px\" \/><\/a> <a href=\"https:\/\/vdamk.hu\/wp-content\/uploads\/2015\/03\/kat2.jpg\"><img loading=\"lazy\" decoding=\"async\" class=\"alignnone size-large wp-image-1090\" src=\"https:\/\/vdamk.hu\/wp-content\/uploads\/2015\/03\/kat2-1024x680.jpg\" alt=\"kat2\" width=\"598\" height=\"397\" srcset=\"https:\/\/vdamk.hu\/wp-content\/uploads\/2015\/03\/kat2-1024x680.jpg 1024w, https:\/\/vdamk.hu\/wp-content\/uploads\/2015\/03\/kat2-300x199.jpg 300w, https:\/\/vdamk.hu\/wp-content\/uploads\/2015\/03\/kat2.jpg 1386w\" sizes=\"(max-width: 598px) 100vw, 598px\" \/><\/a><\/p>\n","protected":false},"excerpt":{"rendered":"<p>A helyi Katolikus Egyh\u00e1z szervez\u00e9s\u00e9ben Ter\u00fcleti katolikus konferenci\u00e1t tartottak a Varga Domokos \u00c1MK-ban 2015. febru\u00e1r 21-\u00e9n a k\u00f6rny\u00e9k katolikus egyh\u00e1zainak k\u00e9pvisel\u0151i. Szervez\u0151k: Vangel Imre \u00e9s Szab\u00f3 J\u00f3zsef pl\u00e9b\u00e1nosok.<\/p>\n","protected":false},"author":1,"featured_media":1090,"comment_status":"closed","ping_status":"closed","sticky":false,"template":"","format":"standard","meta":{"footnotes":""},"categories":[3],"tags":[],"_links":{"self":[{"href":"https:\/\/vdamk.hu\/index.php?rest_route=\/wp\/v2\/posts\/1088"}],"collection":[{"href":"https:\/\/vdamk.hu\/index.php?rest_route=\/wp\/v2\/posts"}],"about":[{"href":"https:\/\/vdamk.hu\/index.php?rest_route=\/wp\/v2\/types\/post"}],"author":[{"embeddable":true,"href":"https:\/\/vdamk.hu\/index.php?rest_route=\/wp\/v2\/users\/1"}],"replies":[{"embeddable":true,"href":"https:\/\/vdamk.hu\/index.php?rest_route=%2Fwp%2Fv2%2Fcomments&post=1088"}],"version-history":[{"count":1,"href":"https:\/\/vdamk.hu\/index.php?rest_route=\/wp\/v2\/posts\/1088\/revisions"}],"predecessor-version":[{"id":1091,"href":"https:\/\/vdamk.hu\/index.php?rest_route=\/wp\/v2\/posts\/1088\/revisions\/1091"}],"wp:featuredmedia":[{"embeddable":true,"href":"https:\/\/vdamk.hu\/index.php?rest_route=\/wp\/v2\/media\/1090"}],"wp:attachment":[{"href":"https:\/\/vdamk.hu\/index.php?rest_route=%2Fwp%2Fv2%2Fmedia&parent=1088"}],"wp:term":[{"taxonomy":"category","embeddable":true,"href":"https:\/\/vdamk.hu\/index.php?rest_route=%2Fwp%2Fv2%2Fcategories&post=1088"},{"taxonomy":"post_tag","embeddable":true,"href":"https:\/\/vdamk.hu\/index.php?rest_route=%2Fwp%2Fv2%2Ftags&post=1088"}],"curies":[{"name":"wp","href":"https:\/\/api.w.org\/{rel}","templated":true}]}}